{"id":350046,"date":"2021-08-20T11:33:00","date_gmt":"2021-08-20T15:33:00","guid":{"rendered":"http:\/\/primermomento.com\/?p=350046"},"modified":"2021-08-20T11:33:01","modified_gmt":"2021-08-20T15:33:01","slug":"cnd-en-desacuerdo-con-legalizacion-de-la-marihuana-en-rd","status":"publish","type":"post","link":"https:\/\/primermomento.com\/?p=350046","title":{"rendered":"CND en desacuerdo con legalizaci\u00f3n de la marihuana en RD"},"content":{"rendered":"\n<p>NUEVA YORK, EEUU.- El presidente del Consejo Nacional de Drogas (CND), Jaime Marte Mart\u00ednez, se mostr\u00f3 contrario a la legalizaci\u00f3n de la marihuana en la Rep\u00fablica Dominicana, sin importar el uso que se argumente.\u00a0 \u00a0 \u00a0 \u00a0 \u00a0 \u00a0\u00a0<\/p>\n\n\n\n<div class=\"wp-block-image\"><figure class=\"aligncenter size-large\"><img loading=\"lazy\" decoding=\"async\" width=\"1024\" height=\"536\" src=\"http:\/\/primermomento.com\/wp-content\/uploads\/2021\/08\/Presidente-CND-no-esta-de-acuerdo-se-legalice-marihuana-en-RD-1024x536.jpg\" alt=\"\" class=\"wp-image-350047\" srcset=\"https:\/\/primermomento.com\/wp-content\/uploads\/2021\/08\/Presidente-CND-no-esta-de-acuerdo-se-legalice-marihuana-en-RD-1024x536.jpg 1024w, https:\/\/primermomento.com\/wp-content\/uploads\/2021\/08\/Presidente-CND-no-esta-de-acuerdo-se-legalice-marihuana-en-RD-300x157.jpg 300w, https:\/\/primermomento.com\/wp-content\/uploads\/2021\/08\/Presidente-CND-no-esta-de-acuerdo-se-legalice-marihuana-en-RD-768x402.jpg 768w, https:\/\/primermomento.com\/wp-content\/uploads\/2021\/08\/Presidente-CND-no-esta-de-acuerdo-se-legalice-marihuana-en-RD-500x262.jpg 500w, https:\/\/primermomento.com\/wp-content\/uploads\/2021\/08\/Presidente-CND-no-esta-de-acuerdo-se-legalice-marihuana-en-RD-280x147.jpg 280w, https:\/\/primermomento.com\/wp-content\/uploads\/2021\/08\/Presidente-CND-no-esta-de-acuerdo-se-legalice-marihuana-en-RD-638x334.jpg 638w, https:\/\/primermomento.com\/wp-content\/uploads\/2021\/08\/Presidente-CND-no-esta-de-acuerdo-se-legalice-marihuana-en-RD-118x62.jpg 118w, https:\/\/primermomento.com\/wp-content\/uploads\/2021\/08\/Presidente-CND-no-esta-de-acuerdo-se-legalice-marihuana-en-RD-479x251.jpg 479w, https:\/\/primermomento.com\/wp-content\/uploads\/2021\/08\/Presidente-CND-no-esta-de-acuerdo-se-legalice-marihuana-en-RD.jpg 1030w\" sizes=\"auto, (max-width: 1024px) 100vw, 1024px\" \/><\/figure><\/div>\n\n\n\n<p>\u201cDesde el punto de vista personal no estoy de acuerdo, porque creemos que eso har\u00eda m\u00e1s da\u00f1o a la juventud, eso sin importar los argumentos que se tengan para pretender legalizarla\u201d, dijo.<\/p>\n\n\n\n<p>A\u00f1adi\u00f3 que \u201ces un tema que ahora no est\u00e1 en debate en la RD, no obstante ser algo que le corresponde al poder legislativo, l\u00f3gicamente que aquellos pa\u00edses que lo han hecho nosotros tenemos que ser respetuoso de su legislaci\u00f3n y normas que ellos se basan para hacer tal legalizaci\u00f3n\u201d, sostuvo.<\/p>\n\n\n\n<p>Expres\u00f3 que por esa condici\u00f3n prefer\u00eda reservarse cualquier opini\u00f3n sobre los pa\u00edses que han decidido legalizar el uso recreativo y por otras razones de la marihuana.&nbsp;<\/p>\n\n\n\n<p>Destac\u00f3, adem\u00e1s, que gracias al apoyo del presidente se la rep\u00fablica, Luis Abinader, se implementan m\u00faltiples programas preventivos en favor de ni\u00f1os, ni\u00f1as, adolescentes y j\u00f3venes, y que a trav\u00e9s de ellos han sido impactadas m\u00e1s de 300 mil personas, en especial j\u00f3venes deportistas y estudiantes, residentes en zonas vulnerables, precis\u00f3.<\/p>\n\n\n\n<p>El presidente del CND, acompa\u00f1ado del titular del Observatorio Dominicano de Drogas, Yuri Ru\u00edz Villalona, se refiri\u00f3 al tema al responder preguntas de periodistas en uno de los tantos encuentros que sostuviera con diferentes sectores dominicanos en esta ciudad\u201d.<\/p>\n\n\n\n<p>Marte Mart\u00ednez y Ru\u00edz Villalona, giraron una visita oficial a esta urbe, invitado la \u201cJunta Comunal 12\u201d y la \u201cC\u00e1mara de Comercio de Washington Heights\u201d, que preside Eleazar Bueno, en procura de conocer buenas pr\u00e1cticas en cuanto a la lucha contra el consumo de sustancias il\u00edcitas.<\/p>\n\n\n\n<p class=\"has-text-align-right\"><em>Ram\u00f3n Mercedes<\/em><\/p>\n","protected":false},"excerpt":{"rendered":"<p>NUEVA YORK, EEUU.- El presidente del Consejo Nacional de Drogas (CND), Jaime Marte Mart\u00ednez, se mostr\u00f3 contrario a la legalizaci\u00f3n de la marihuana en la Rep\u00fablica Dominicana, sin importar el uso que se argumente.\u00a0 \u00a0 \u00a0 \u00a0 \u00a0 \u00a0\u00a0 \u201cDesde el punto de vista personal no estoy de acuerdo, porque creemos que eso har\u00eda m\u00e1s [&hellip;]<\/p>\n","protected":false},"author":1,"featured_media":0,"comment_status":"open","ping_status":"open","sticky":false,"template":"","format":"standard","meta":{"_bbp_topic_count":0,"_bbp_reply_count":0,"_bbp_total_topic_count":0,"_bbp_total_reply_count":0,"_bbp_voice_count":0,"_bbp_anonymous_reply_count":0,"_bbp_topic_count_hidden":0,"_bbp_reply_count_hidden":0,"_bbp_forum_subforum_count":0,"footnotes":""},"categories":[40,60],"tags":[],"class_list":{"0":"post-350046","1":"post","2":"type-post","3":"status-publish","4":"format-standard","6":"category-comunidad","7":"category-titulares-del-dia"},"_links":{"self":[{"href":"https:\/\/primermomento.com\/index.php?rest_route=\/wp\/v2\/posts\/350046","targetHints":{"allow":["GET"]}}],"collection":[{"href":"https:\/\/primermomento.com\/index.php?rest_route=\/wp\/v2\/posts"}],"about":[{"href":"https:\/\/primermomento.com\/index.php?rest_route=\/wp\/v2\/types\/post"}],"author":[{"embeddable":true,"href":"https:\/\/primermomento.com\/index.php?rest_route=\/wp\/v2\/users\/1"}],"replies":[{"embeddable":true,"href":"https:\/\/primermomento.com\/index.php?rest_route=%2Fwp%2Fv2%2Fcomments&post=350046"}],"version-history":[{"count":1,"href":"https:\/\/primermomento.com\/index.php?rest_route=\/wp\/v2\/posts\/350046\/revisions"}],"predecessor-version":[{"id":350048,"href":"https:\/\/primermomento.com\/index.php?rest_route=\/wp\/v2\/posts\/350046\/revisions\/350048"}],"wp:attachment":[{"href":"https:\/\/primermomento.com\/index.php?rest_route=%2Fwp%2Fv2%2Fmedia&parent=350046"}],"wp:term":[{"taxonomy":"category","embeddable":true,"href":"https:\/\/primermomento.com\/index.php?rest_route=%2Fwp%2Fv2%2Fcategories&post=350046"},{"taxonomy":"post_tag","embeddable":true,"href":"https:\/\/primermomento.com\/index.php?rest_route=%2Fwp%2Fv2%2Ftags&post=350046"}],"curies":[{"name":"wp","href":"https:\/\/api.w.org\/{rel}","templated":true}]}}