{"id":350145,"date":"2021-08-23T15:58:19","date_gmt":"2021-08-23T19:58:19","guid":{"rendered":"http:\/\/primermomento.com\/?p=350145"},"modified":"2021-08-23T15:58:19","modified_gmt":"2021-08-23T19:58:19","slug":"dominicanos-afectados-por-impacto-de-huracan-henri","status":"publish","type":"post","link":"https:\/\/primermomento.com\/?p=350145","title":{"rendered":"Dominicanos afectados por impacto de hurac\u00e1n Henri"},"content":{"rendered":"\n<p>NUEVA YORK, EEUU.- El hurac\u00e1n Henri, con vientos sobre los 100 kil\u00f3metros por horas hasta anoche, con amenaza de marejadas cicl\u00f3nicas, inundaciones repentinas y vientos destructivos, el gobernador Andrew Cuomo y luego el presidente estadounidense, Joe Biden, declararon este domingo y lunes el estado en emergencia.<\/p>\n\n\n\n<figure class=\"wp-block-image size-large\"><img loading=\"lazy\" decoding=\"async\" width=\"911\" height=\"437\" src=\"http:\/\/primermomento.com\/wp-content\/uploads\/2021\/08\/Huracan-Henri-complica-desenvolvimiento-NY_-dominicanos-afectados.jpg\" alt=\"\" class=\"wp-image-350146\" srcset=\"https:\/\/primermomento.com\/wp-content\/uploads\/2021\/08\/Huracan-Henri-complica-desenvolvimiento-NY_-dominicanos-afectados.jpg 911w, https:\/\/primermomento.com\/wp-content\/uploads\/2021\/08\/Huracan-Henri-complica-desenvolvimiento-NY_-dominicanos-afectados-300x144.jpg 300w, https:\/\/primermomento.com\/wp-content\/uploads\/2021\/08\/Huracan-Henri-complica-desenvolvimiento-NY_-dominicanos-afectados-768x368.jpg 768w, https:\/\/primermomento.com\/wp-content\/uploads\/2021\/08\/Huracan-Henri-complica-desenvolvimiento-NY_-dominicanos-afectados-500x240.jpg 500w, https:\/\/primermomento.com\/wp-content\/uploads\/2021\/08\/Huracan-Henri-complica-desenvolvimiento-NY_-dominicanos-afectados-280x134.jpg 280w, https:\/\/primermomento.com\/wp-content\/uploads\/2021\/08\/Huracan-Henri-complica-desenvolvimiento-NY_-dominicanos-afectados-638x306.jpg 638w, https:\/\/primermomento.com\/wp-content\/uploads\/2021\/08\/Huracan-Henri-complica-desenvolvimiento-NY_-dominicanos-afectados-118x57.jpg 118w, https:\/\/primermomento.com\/wp-content\/uploads\/2021\/08\/Huracan-Henri-complica-desenvolvimiento-NY_-dominicanos-afectados-479x230.jpg 479w\" sizes=\"auto, (max-width: 911px) 100vw, 911px\" \/><\/figure>\n\n\n\n<p>Miles de dominicanos, del aproximadamente el mill\u00f3n residente en la Gran Manzana, se han visto afectados en sus diferentes labores.<\/p>\n\n\n\n<p>Incontables servicios se han suspendidos, entre ellos el Long Island Railroad en su l\u00ednea Montauk Branch, entre Ronkonkoma y Greenport.<\/p>\n\n\n\n<p>El Metro-North suspendi\u00f3 el servicio en toda la l\u00ednea New Haven. Los trenes de la ciudad operar\u00e1n cada dos horas en las l\u00edneas Hudson y Harlem. El tren interestatal Amtrak cancel\u00f3 el servicio entre NY y Boston.<\/p>\n\n\n\n<p>Las playas est\u00e1n cerradas; se pospuso para el pr\u00f3ximo domingo 29 el \u201cTD Five Boro Bike Tour\u201d, con 32,000 ciclistas para recorrer las tradicionales 40 millas, que tampoco se pudo celebrar en 2020 por la pandemia.<\/p>\n\n\n\n<p>Asimismo, la suspensi\u00f3n del concierto de estrellas que se realizaba en el Parque Central-Manhattan, \u00abWe Love NYC &#8211; The Home Concert\u00bb, para celebrar la recuperaci\u00f3n tras la pandemia del Covid-19, pese a la preocupaci\u00f3n por la variante Delta. Asist\u00edan decenas de miles de personas.<\/p>\n\n\n\n<p>El Servicio Meteorol\u00f3gico Nacional (NWS) advierte a la ciudadan\u00eda estar preparado (domingo y lunes) para tormentas y cortes de energ\u00eda prolongados en algunas \u00e1reas. Ante la situaci\u00f3n, quisqueyanos en el Alto Manhattan y otros lugares de la Metr\u00f3poli se dirigieron a los supermercados y bodegas para abastecerse de alimentos.<\/p>\n\n\n\n<p>El fen\u00f3meno meteorol\u00f3gico Henri es el quinto sistema tropical en impactar NY en los \u00faltimos 5 a\u00f1os; incluyendo las dos tormentas del a\u00f1o pasado: Isa\u00edas y Fay.<\/p>\n\n\n\n<p class=\"has-text-align-right\"><em>Ram\u00f3n Mercedes<\/em><\/p>\n","protected":false},"excerpt":{"rendered":"<p>NUEVA YORK, EEUU.- El hurac\u00e1n Henri, con vientos sobre los 100 kil\u00f3metros por horas hasta anoche, con amenaza de marejadas cicl\u00f3nicas, inundaciones repentinas y vientos destructivos, el gobernador Andrew Cuomo y luego el presidente estadounidense, Joe Biden, declararon este domingo y lunes el estado en emergencia. Miles de dominicanos, del aproximadamente el mill\u00f3n residente en [&hellip;]<\/p>\n","protected":false},"author":1,"featured_media":0,"comment_status":"open","ping_status":"open","sticky":false,"template":"","format":"standard","meta":{"_bbp_topic_count":0,"_bbp_reply_count":0,"_bbp_total_topic_count":0,"_bbp_total_reply_count":0,"_bbp_voice_count":0,"_bbp_anonymous_reply_count":0,"_bbp_topic_count_hidden":0,"_bbp_reply_count_hidden":0,"_bbp_forum_subforum_count":0,"footnotes":""},"categories":[40,60],"tags":[],"class_list":{"0":"post-350145","1":"post","2":"type-post","3":"status-publish","4":"format-standard","6":"category-comunidad","7":"category-titulares-del-dia"},"_links":{"self":[{"href":"https:\/\/primermomento.com\/index.php?rest_route=\/wp\/v2\/posts\/350145","targetHints":{"allow":["GET"]}}],"collection":[{"href":"https:\/\/primermomento.com\/index.php?rest_route=\/wp\/v2\/posts"}],"about":[{"href":"https:\/\/primermomento.com\/index.php?rest_route=\/wp\/v2\/types\/post"}],"author":[{"embeddable":true,"href":"https:\/\/primermomento.com\/index.php?rest_route=\/wp\/v2\/users\/1"}],"replies":[{"embeddable":true,"href":"https:\/\/primermomento.com\/index.php?rest_route=%2Fwp%2Fv2%2Fcomments&post=350145"}],"version-history":[{"count":1,"href":"https:\/\/primermomento.com\/index.php?rest_route=\/wp\/v2\/posts\/350145\/revisions"}],"predecessor-version":[{"id":350147,"href":"https:\/\/primermomento.com\/index.php?rest_route=\/wp\/v2\/posts\/350145\/revisions\/350147"}],"wp:attachment":[{"href":"https:\/\/primermomento.com\/index.php?rest_route=%2Fwp%2Fv2%2Fmedia&parent=350145"}],"wp:term":[{"taxonomy":"category","embeddable":true,"href":"https:\/\/primermomento.com\/index.php?rest_route=%2Fwp%2Fv2%2Fcategories&post=350145"},{"taxonomy":"post_tag","embeddable":true,"href":"https:\/\/primermomento.com\/index.php?rest_route=%2Fwp%2Fv2%2Ftags&post=350145"}],"curies":[{"name":"wp","href":"https:\/\/api.w.org\/{rel}","templated":true}]}}