{"id":350398,"date":"2021-08-27T09:51:00","date_gmt":"2021-08-27T13:51:00","guid":{"rendered":"http:\/\/primermomento.com\/?p=350398"},"modified":"2021-08-27T17:53:40","modified_gmt":"2021-08-27T21:53:40","slug":"crece-escepticismo-economico-en-eeuu-por-impacto-de-la-covid-19","status":"publish","type":"post","link":"https:\/\/primermomento.com\/?p=350398","title":{"rendered":"Crece escepticismo econ\u00f3mico en EEUU por impacto de la Covid-19"},"content":{"rendered":"\n<p class=\"wp-block-paragraph\">WASHINGTON, EEUU.- La confianza de los estadounidenses en la recuperaci\u00f3n econ\u00f3mica del pa\u00eds decay\u00f3 en medio del aumento de casos de Covid-19 causado por la circulaci\u00f3n de la variante Delta del SARS-CoV-2, indic\u00f3 hoy un estudio.<\/p>\n\n\n\n<div class=\"wp-block-image\"><figure class=\"aligncenter size-large\"><img loading=\"lazy\" decoding=\"async\" width=\"581\" height=\"328\" src=\"http:\/\/primermomento.com\/wp-content\/uploads\/2021\/06\/variantes-delta1.jpg\" alt=\"\" class=\"wp-image-346652\" srcset=\"https:\/\/primermomento.com\/wp-content\/uploads\/2021\/06\/variantes-delta1.jpg 581w, https:\/\/primermomento.com\/wp-content\/uploads\/2021\/06\/variantes-delta1-300x169.jpg 300w, https:\/\/primermomento.com\/wp-content\/uploads\/2021\/06\/variantes-delta1-478x270.jpg 478w, https:\/\/primermomento.com\/wp-content\/uploads\/2021\/06\/variantes-delta1-500x282.jpg 500w, https:\/\/primermomento.com\/wp-content\/uploads\/2021\/06\/variantes-delta1-280x158.jpg 280w, https:\/\/primermomento.com\/wp-content\/uploads\/2021\/06\/variantes-delta1-118x67.jpg 118w, https:\/\/primermomento.com\/wp-content\/uploads\/2021\/06\/variantes-delta1-479x270.jpg 479w\" sizes=\"auto, (max-width: 581px) 100vw, 581px\" \/><\/figure><\/div>\n\n\n\n<p class=\"wp-block-paragraph\">Una encuesta reciente de Gallup demostr\u00f3 que el 60 por ciento de los mil seis adultos entrevistados cree que la econom\u00eda empeora debido a la crisis epidemiol\u00f3gica, mientras que s\u00f3lo el 37 por ciento dijo que mejora.<\/p>\n\n\n\n<p class=\"wp-block-paragraph\">El n\u00famero de personas que consider\u00f3 a la Covid-19 el problema m\u00e1s importante al que se enfrentaba Estados Unidos en estos momentos se duplic\u00f3 en agosto, con respecto a los datos compartidos en febrero por esta encuestadora.<\/p>\n\n\n\n<p class=\"wp-block-paragraph\">Seg\u00fan los datos, el escepticismo creci\u00f3 entre los entrevistados que se identificaron como republicanos e independientes, pero no entre los dem\u00f3cratas.<\/p>\n\n\n\n<p class=\"wp-block-paragraph\">El descenso general de la confianza en el desarrollo del pa\u00eds ocurri\u00f3 en un momento en que Estados Unidos registra record en hospitalizaciones pedi\u00e1tricas por la enfermedad causada por el coronavirus.<\/p>\n\n\n\n<p class=\"wp-block-paragraph\">Expertos se\u00f1alan que la situaci\u00f3n empeorar\u00e1 a medida que los colegios comiencen a reabrir debido a que la variante Delta se desplaza r\u00e1pidamente.<\/p>\n\n\n\n<p class=\"wp-block-paragraph\">&#8216;La pandemia nunca se detuvo y, por desgracia, s\u00f3lo hace falta una cerilla encendida para reavivar el infierno&#8217;, alert\u00f3 el doctor Nusheen Ameenuddin y explic\u00f3 que el pa\u00eds registra alrededor de 100 mil contagios por d\u00eda, incluyendo ni\u00f1os, adolescentes, adultos y ancianos.<\/p>\n\n\n\n<p class=\"wp-block-paragraph\">La encuesta tuvo lugar mientras el presidente Joe Biden busca impulsar medidas de gasto de alrededor de 3 billones de d\u00f3lares, con especial atenci\u00f3n a la inversi\u00f3n en infraestructuras, como parte de su agenda econ\u00f3mica &#8216;Reconstruir Mejor&#8217; (Build Back Better).<\/p>\n\n\n\n<p class=\"has-text-align-right wp-block-paragraph\"><em>PL<\/em><\/p>\n","protected":false},"excerpt":{"rendered":"<p>WASHINGTON, EEUU.- La confianza de los estadounidenses en la recuperaci\u00f3n econ\u00f3mica del pa\u00eds decay\u00f3 en medio del aumento de casos de Covid-19 causado por la circulaci\u00f3n de la variante Delta del SARS-CoV-2, indic\u00f3 hoy un estudio. Una encuesta reciente de Gallup demostr\u00f3 que el 60 por ciento de los mil seis adultos entrevistados cree que [&hellip;]<\/p>\n","protected":false},"author":1,"featured_media":0,"comment_status":"open","ping_status":"open","sticky":false,"template":"","format":"standard","meta":{"_bbp_topic_count":0,"_bbp_reply_count":0,"_bbp_total_topic_count":0,"_bbp_total_reply_count":0,"_bbp_voice_count":0,"_bbp_anonymous_reply_count":0,"_bbp_topic_count_hidden":0,"_bbp_reply_count_hidden":0,"_bbp_forum_subforum_count":0,"footnotes":""},"categories":[35,60],"tags":[],"class_list":["post-350398","post","type-post","status-publish","format-standard","category-economia","category-titulares-del-dia"],"_links":{"self":[{"href":"https:\/\/primermomento.com\/index.php?rest_route=\/wp\/v2\/posts\/350398","targetHints":{"allow":["GET"]}}],"collection":[{"href":"https:\/\/primermomento.com\/index.php?rest_route=\/wp\/v2\/posts"}],"about":[{"href":"https:\/\/primermomento.com\/index.php?rest_route=\/wp\/v2\/types\/post"}],"author":[{"embeddable":true,"href":"https:\/\/primermomento.com\/index.php?rest_route=\/wp\/v2\/users\/1"}],"replies":[{"embeddable":true,"href":"https:\/\/primermomento.com\/index.php?rest_route=%2Fwp%2Fv2%2Fcomments&post=350398"}],"version-history":[{"count":1,"href":"https:\/\/primermomento.com\/index.php?rest_route=\/wp\/v2\/posts\/350398\/revisions"}],"predecessor-version":[{"id":350399,"href":"https:\/\/primermomento.com\/index.php?rest_route=\/wp\/v2\/posts\/350398\/revisions\/350399"}],"wp:attachment":[{"href":"https:\/\/primermomento.com\/index.php?rest_route=%2Fwp%2Fv2%2Fmedia&parent=350398"}],"wp:term":[{"taxonomy":"category","embeddable":true,"href":"https:\/\/primermomento.com\/index.php?rest_route=%2Fwp%2Fv2%2Fcategories&post=350398"},{"taxonomy":"post_tag","embeddable":true,"href":"https:\/\/primermomento.com\/index.php?rest_route=%2Fwp%2Fv2%2Ftags&post=350398"}],"curies":[{"name":"wp","href":"https:\/\/api.w.org\/{rel}","templated":true}]}}