{"id":350676,"date":"2021-09-07T08:39:00","date_gmt":"2021-09-07T12:39:00","guid":{"rendered":"http:\/\/primermomento.com\/?p=350676"},"modified":"2021-09-07T10:41:34","modified_gmt":"2021-09-07T14:41:34","slug":"piden-a-los-afectados-por-huracan-ida-acudir-a-fema","status":"publish","type":"post","link":"https:\/\/primermomento.com\/?p=350676","title":{"rendered":"Piden a los afectados por hurac\u00e1n Ida acudir a FEMA"},"content":{"rendered":"\n<p>NUEVA YORK, EEUU.- Ante la aprobaci\u00f3n por parte del presidente Joe Biden de la declaraci\u00f3n por desastre mayor para este estado causado recientemente por el hurac\u00e1n Ida, los propietarios de peque\u00f1os negocios afectados deben acudir para su auxilio a la Agencia Federal para el Manejo de Emergencias (FEMA).<\/p>\n\n\n\n<div class=\"wp-block-image\"><figure class=\"aligncenter size-large\"><img loading=\"lazy\" decoding=\"async\" width=\"713\" height=\"498\" src=\"http:\/\/primermomento.com\/wp-content\/uploads\/2021\/09\/Exhorta-propietarios-pequenos-negocios-NY-afectados-por-huracan-Ida-acudir-a-FEMA.jpg\" alt=\"\" class=\"wp-image-350677\" srcset=\"https:\/\/primermomento.com\/wp-content\/uploads\/2021\/09\/Exhorta-propietarios-pequenos-negocios-NY-afectados-por-huracan-Ida-acudir-a-FEMA.jpg 713w, https:\/\/primermomento.com\/wp-content\/uploads\/2021\/09\/Exhorta-propietarios-pequenos-negocios-NY-afectados-por-huracan-Ida-acudir-a-FEMA-300x210.jpg 300w, https:\/\/primermomento.com\/wp-content\/uploads\/2021\/09\/Exhorta-propietarios-pequenos-negocios-NY-afectados-por-huracan-Ida-acudir-a-FEMA-73x50.jpg 73w, https:\/\/primermomento.com\/wp-content\/uploads\/2021\/09\/Exhorta-propietarios-pequenos-negocios-NY-afectados-por-huracan-Ida-acudir-a-FEMA-110x77.jpg 110w, https:\/\/primermomento.com\/wp-content\/uploads\/2021\/09\/Exhorta-propietarios-pequenos-negocios-NY-afectados-por-huracan-Ida-acudir-a-FEMA-500x349.jpg 500w, https:\/\/primermomento.com\/wp-content\/uploads\/2021\/09\/Exhorta-propietarios-pequenos-negocios-NY-afectados-por-huracan-Ida-acudir-a-FEMA-280x196.jpg 280w, https:\/\/primermomento.com\/wp-content\/uploads\/2021\/09\/Exhorta-propietarios-pequenos-negocios-NY-afectados-por-huracan-Ida-acudir-a-FEMA-638x446.jpg 638w, https:\/\/primermomento.com\/wp-content\/uploads\/2021\/09\/Exhorta-propietarios-pequenos-negocios-NY-afectados-por-huracan-Ida-acudir-a-FEMA-118x82.jpg 118w, https:\/\/primermomento.com\/wp-content\/uploads\/2021\/09\/Exhorta-propietarios-pequenos-negocios-NY-afectados-por-huracan-Ida-acudir-a-FEMA-479x335.jpg 479w\" sizes=\"auto, (max-width: 713px) 100vw, 713px\" \/><\/figure><\/div>\n\n\n\n<p>La exhortaci\u00f3n la hace el presidente de la Uni\u00f3n de Bodegas de Am\u00e9rica (UBA), el dominicano Radham\u00e9s Rodr\u00edguez, cuya entidad agrupa unos 15 mil bodegueros en la Gran Manzana, en su gran mayor\u00eda procedente desde la Rep\u00fablica Dominicana.<\/p>\n\n\n\n<p>La declaraci\u00f3n abrir\u00eda la puerta a que NY reciba ayuda federal por los da\u00f1os causados por las inundaciones repentinas ocurridas entre el 1 y el 2 de este mes.<\/p>\n\n\n\n<p>Un propietario de peque\u00f1os negocios puede solicitar un pr\u00e9stamo de miles de d\u00f3lares por desastre llamando al 1-800-621-3362 o registr\u00e1ndose en l\u00ednea en&nbsp;<a href=\"http:\/\/www.disasterassistance.gov\/\" rel=\"noreferrer noopener\" target=\"_blank\">http:\/\/www.DisasterAssistance.gov<\/a>, en horado de 7:00 de la ma\u00f1ana hasta las 10:00 de la noche, los siete d\u00edas de la semana, inform\u00f3 Rodr\u00edguez.<\/p>\n\n\n\n<p>Asimismo, pueden llamar a la l\u00ednea directa para desastres del Departamento de Servicios Financieros del estado al 1-800-339-1759, todos los d\u00edas, desde las 8:30 de la ma\u00f1ana a 4:30 de la tarde, tambi\u00e9n accediendo al sitio web&nbsp;<a href=\"http:\/\/www.dfs.ny.gov\/\" rel=\"noreferrer noopener\" target=\"_blank\">www.dfs.ny.gov<\/a><\/p>\n\n\n\n<p>Tambi\u00e9n, para asistencia de arrendamiento comercial y obtener mayores informaciones se debe visitar&nbsp;<a href=\"https:\/\/www1.nyc.gov\/nycbusiness\/article\/commercial-lease-assistance-program\" rel=\"noreferrer noopener\" target=\"_blank\">https:\/\/www1.nyc.gov\/nycbusiness\/article\/commercial-lease-assistance-program<\/a><\/p>\n\n\n\n<p>Para financiamiento comercial y obtener ayuda con la solicitud se debe visitar\u00a0<a rel=\"noreferrer noopener\" href=\"https:\/\/www1.nyc.gov\/nycbusiness\/article\/financing-assistance\" target=\"_blank\">https:\/\/www1.nyc.gov\/nycbusiness\/article\/financing-assistance<\/a>, concluy\u00f3 Rodr\u00edguez.<\/p>\n\n\n\n<p class=\"has-text-align-right\"><em>Ram\u00f3n Mercedes<\/em><\/p>\n","protected":false},"excerpt":{"rendered":"<p>NUEVA YORK, EEUU.- Ante la aprobaci\u00f3n por parte del presidente Joe Biden de la declaraci\u00f3n por desastre mayor para este estado causado recientemente por el hurac\u00e1n Ida, los propietarios de peque\u00f1os negocios afectados deben acudir para su auxilio a la Agencia Federal para el Manejo de Emergencias (FEMA). La exhortaci\u00f3n la hace el presidente de [&hellip;]<\/p>\n","protected":false},"author":1,"featured_media":0,"comment_status":"open","ping_status":"open","sticky":false,"template":"","format":"standard","meta":{"_bbp_topic_count":0,"_bbp_reply_count":0,"_bbp_total_topic_count":0,"_bbp_total_reply_count":0,"_bbp_voice_count":0,"_bbp_anonymous_reply_count":0,"_bbp_topic_count_hidden":0,"_bbp_reply_count_hidden":0,"_bbp_forum_subforum_count":0,"footnotes":""},"categories":[40,60],"tags":[],"class_list":{"0":"post-350676","1":"post","2":"type-post","3":"status-publish","4":"format-standard","6":"category-comunidad","7":"category-titulares-del-dia"},"_links":{"self":[{"href":"https:\/\/primermomento.com\/index.php?rest_route=\/wp\/v2\/posts\/350676","targetHints":{"allow":["GET"]}}],"collection":[{"href":"https:\/\/primermomento.com\/index.php?rest_route=\/wp\/v2\/posts"}],"about":[{"href":"https:\/\/primermomento.com\/index.php?rest_route=\/wp\/v2\/types\/post"}],"author":[{"embeddable":true,"href":"https:\/\/primermomento.com\/index.php?rest_route=\/wp\/v2\/users\/1"}],"replies":[{"embeddable":true,"href":"https:\/\/primermomento.com\/index.php?rest_route=%2Fwp%2Fv2%2Fcomments&post=350676"}],"version-history":[{"count":1,"href":"https:\/\/primermomento.com\/index.php?rest_route=\/wp\/v2\/posts\/350676\/revisions"}],"predecessor-version":[{"id":350678,"href":"https:\/\/primermomento.com\/index.php?rest_route=\/wp\/v2\/posts\/350676\/revisions\/350678"}],"wp:attachment":[{"href":"https:\/\/primermomento.com\/index.php?rest_route=%2Fwp%2Fv2%2Fmedia&parent=350676"}],"wp:term":[{"taxonomy":"category","embeddable":true,"href":"https:\/\/primermomento.com\/index.php?rest_route=%2Fwp%2Fv2%2Fcategories&post=350676"},{"taxonomy":"post_tag","embeddable":true,"href":"https:\/\/primermomento.com\/index.php?rest_route=%2Fwp%2Fv2%2Ftags&post=350676"}],"curies":[{"name":"wp","href":"https:\/\/api.w.org\/{rel}","templated":true}]}}