{"id":350712,"date":"2021-09-08T11:28:33","date_gmt":"2021-09-08T15:28:33","guid":{"rendered":"http:\/\/primermomento.com\/?p=350712"},"modified":"2021-09-08T11:28:34","modified_gmt":"2021-09-08T15:28:34","slug":"dominicanos-en-condado-manhattan-se-vacunan-menos-contra-covid-19","status":"publish","type":"post","link":"https:\/\/primermomento.com\/?p=350712","title":{"rendered":"Dominicanos en condado Manhattan se vacunan menos contra Covid-19"},"content":{"rendered":"\n<p>NUEVA YORK, EEUU.- Los sectores de Washington Heights e Inwood, en el Alto Manhattan, \u00e1reas donde reside la mayor cantidad de dominicanos residentes en el exterior, son los lugares con menos vacunados contra el Covid-19 en el condado de Manhattan.<\/p>\n\n\n\n<div class=\"wp-block-image\"><figure class=\"aligncenter size-large\"><img loading=\"lazy\" decoding=\"async\" width=\"598\" height=\"439\" src=\"http:\/\/primermomento.com\/wp-content\/uploads\/2021\/09\/Dominicanos-en-condado-Manhattan-se-vacunan-menos-contra-Covid-19.jpg\" alt=\"\" class=\"wp-image-350713\" srcset=\"https:\/\/primermomento.com\/wp-content\/uploads\/2021\/09\/Dominicanos-en-condado-Manhattan-se-vacunan-menos-contra-Covid-19.jpg 598w, https:\/\/primermomento.com\/wp-content\/uploads\/2021\/09\/Dominicanos-en-condado-Manhattan-se-vacunan-menos-contra-Covid-19-300x220.jpg 300w, https:\/\/primermomento.com\/wp-content\/uploads\/2021\/09\/Dominicanos-en-condado-Manhattan-se-vacunan-menos-contra-Covid-19-500x367.jpg 500w, https:\/\/primermomento.com\/wp-content\/uploads\/2021\/09\/Dominicanos-en-condado-Manhattan-se-vacunan-menos-contra-Covid-19-280x206.jpg 280w, https:\/\/primermomento.com\/wp-content\/uploads\/2021\/09\/Dominicanos-en-condado-Manhattan-se-vacunan-menos-contra-Covid-19-118x87.jpg 118w, https:\/\/primermomento.com\/wp-content\/uploads\/2021\/09\/Dominicanos-en-condado-Manhattan-se-vacunan-menos-contra-Covid-19-479x352.jpg 479w\" sizes=\"auto, (max-width: 598px) 100vw, 598px\" \/><\/figure><\/div>\n\n\n\n<p>Las autoridades indican que solo el 62 % han recibido al menos una dosis de la vacuna y el 56,23 % est\u00e1n completamente vacunados, notablemente por debajo de la tasa promedio observada en Manhattan, y un poco m\u00e1s bajo que el promedio de la ciudad, seg\u00fan las autoridades.<\/p>\n\n\n\n<p>Eso se compara con una tasa de vacunaci\u00f3n de una dosis en toda la ciudad del 66 % y una tasa promedio de Manhattan del 77 %.<\/p>\n\n\n\n<p>Los adultos son los que m\u00e1s han recibido la primera vacuna, un 71,83 % y el 65 % est\u00e1n completamente vacunados.<\/p>\n\n\n\n<p>El c\u00f3digo postal 10032 tiene las tasas m\u00e1s altas de vacunaci\u00f3n en el Alto Manhattan, y el 10034 el m\u00e1s bajo.<\/p>\n\n\n\n<p class=\"has-text-align-right\"><em>Ram\u00f3n Mercedes<\/em><\/p>\n","protected":false},"excerpt":{"rendered":"<p>NUEVA YORK, EEUU.- Los sectores de Washington Heights e Inwood, en el Alto Manhattan, \u00e1reas donde reside la mayor cantidad de dominicanos residentes en el exterior, son los lugares con menos vacunados contra el Covid-19 en el condado de Manhattan. Las autoridades indican que solo el 62 % han recibido al menos una dosis de [&hellip;]<\/p>\n","protected":false},"author":1,"featured_media":0,"comment_status":"open","ping_status":"open","sticky":false,"template":"","format":"standard","meta":{"_bbp_topic_count":0,"_bbp_reply_count":0,"_bbp_total_topic_count":0,"_bbp_total_reply_count":0,"_bbp_voice_count":0,"_bbp_anonymous_reply_count":0,"_bbp_topic_count_hidden":0,"_bbp_reply_count_hidden":0,"_bbp_forum_subforum_count":0,"footnotes":""},"categories":[40,60],"tags":[],"class_list":{"0":"post-350712","1":"post","2":"type-post","3":"status-publish","4":"format-standard","6":"category-comunidad","7":"category-titulares-del-dia"},"_links":{"self":[{"href":"https:\/\/primermomento.com\/index.php?rest_route=\/wp\/v2\/posts\/350712","targetHints":{"allow":["GET"]}}],"collection":[{"href":"https:\/\/primermomento.com\/index.php?rest_route=\/wp\/v2\/posts"}],"about":[{"href":"https:\/\/primermomento.com\/index.php?rest_route=\/wp\/v2\/types\/post"}],"author":[{"embeddable":true,"href":"https:\/\/primermomento.com\/index.php?rest_route=\/wp\/v2\/users\/1"}],"replies":[{"embeddable":true,"href":"https:\/\/primermomento.com\/index.php?rest_route=%2Fwp%2Fv2%2Fcomments&post=350712"}],"version-history":[{"count":1,"href":"https:\/\/primermomento.com\/index.php?rest_route=\/wp\/v2\/posts\/350712\/revisions"}],"predecessor-version":[{"id":350714,"href":"https:\/\/primermomento.com\/index.php?rest_route=\/wp\/v2\/posts\/350712\/revisions\/350714"}],"wp:attachment":[{"href":"https:\/\/primermomento.com\/index.php?rest_route=%2Fwp%2Fv2%2Fmedia&parent=350712"}],"wp:term":[{"taxonomy":"category","embeddable":true,"href":"https:\/\/primermomento.com\/index.php?rest_route=%2Fwp%2Fv2%2Fcategories&post=350712"},{"taxonomy":"post_tag","embeddable":true,"href":"https:\/\/primermomento.com\/index.php?rest_route=%2Fwp%2Fv2%2Ftags&post=350712"}],"curies":[{"name":"wp","href":"https:\/\/api.w.org\/{rel}","templated":true}]}}