{"id":350813,"date":"2021-09-09T09:13:00","date_gmt":"2021-09-09T13:13:00","guid":{"rendered":"http:\/\/primermomento.com\/?p=350813"},"modified":"2021-09-09T21:17:12","modified_gmt":"2021-09-10T01:17:12","slug":"subsidios-por-desempleo-en-eeuu-en-niveles-previos-a-pandemia","status":"publish","type":"post","link":"https:\/\/primermomento.com\/?p=350813","title":{"rendered":"Subsidios por desempleo en EEUU en niveles previos a pandemia"},"content":{"rendered":"\n<p class=\"wp-block-paragraph\">WASHINGTON, EEUU.- Los pedidos iniciales de subsidio por desempleo cayeron a 310 mil hasta el 4 de septiembre, el nivel m\u00e1s bajo desde mediados de marzo de 2020, inform\u00f3 hoy el Departamento de Trabajo de Estados Unidos.<\/p>\n\n\n\n<div class=\"wp-block-image\"><figure class=\"aligncenter size-large\"><img loading=\"lazy\" decoding=\"async\" width=\"748\" height=\"498\" src=\"http:\/\/primermomento.com\/wp-content\/uploads\/2021\/03\/eeuu-desempleo3.jpg\" alt=\"\" class=\"wp-image-341691\" srcset=\"https:\/\/primermomento.com\/wp-content\/uploads\/2021\/03\/eeuu-desempleo3.jpg 748w, https:\/\/primermomento.com\/wp-content\/uploads\/2021\/03\/eeuu-desempleo3-300x200.jpg 300w, https:\/\/primermomento.com\/wp-content\/uploads\/2021\/03\/eeuu-desempleo3-73x50.jpg 73w, https:\/\/primermomento.com\/wp-content\/uploads\/2021\/03\/eeuu-desempleo3-500x333.jpg 500w, https:\/\/primermomento.com\/wp-content\/uploads\/2021\/03\/eeuu-desempleo3-280x186.jpg 280w, https:\/\/primermomento.com\/wp-content\/uploads\/2021\/03\/eeuu-desempleo3-60x40.jpg 60w, https:\/\/primermomento.com\/wp-content\/uploads\/2021\/03\/eeuu-desempleo3-638x425.jpg 638w, https:\/\/primermomento.com\/wp-content\/uploads\/2021\/03\/eeuu-desempleo3-118x79.jpg 118w, https:\/\/primermomento.com\/wp-content\/uploads\/2021\/03\/eeuu-desempleo3-479x319.jpg 479w\" sizes=\"auto, (max-width: 748px) 100vw, 748px\" \/><\/figure><\/div>\n\n\n\n<p class=\"wp-block-paragraph\">Las solicitudes bajaron desde un r\u00e9cord de seis mil 149 millones a principios de abril de 2020 y se acercan al rango de los 250 mil, considerado coherente con unas condiciones saludables del mercado laboral.<\/p>\n\n\n\n<p class=\"wp-block-paragraph\">En la semana que termin\u00f3 ese d\u00eda hubo una disminuci\u00f3n de 35 mil solicitudes por desocupados, en tanto la tasa de desempleo ajustada estacionalmente fue del dos por ciento al cierre de agosto, la m\u00e1s baja desde que comenz\u00f3 la pandemia de la Covid-19.<\/p>\n\n\n\n<p class=\"wp-block-paragraph\">Al concluir ese mes, 2,78 millones de personas recib\u00edan cheques en prestaciones por paro laboral.<\/p>\n\n\n\n<p class=\"wp-block-paragraph\">La desocupaci\u00f3n durante la semana que finaliz\u00f3 el 28 de agosto fue de dos millones 783 mil, una disminuci\u00f3n de 22 mil con respecto a la semana anterior, la cual mostr\u00f3 el nivel m\u00e1s bajo de desempleo asegurado desde el 14 de marzo de 2020.<\/p>\n\n\n\n<p class=\"wp-block-paragraph\">Tales datos se conocieron justo despu\u00e9s del reporte sobre las ofertas laborales, que alcanzaron un r\u00e9cord m\u00e1ximo en julio, lo cual indica la existencia de un mercado laboral ajustado, que a juicio de algunos economistas podr\u00eda presionar a la Reserva Federal para una reducci\u00f3n masiva de su programa mensual de compra de bonos.<\/p>\n\n\n\n<p class=\"wp-block-paragraph\">La segunda baja consecutiva en la demanda de ayudas por paro sucedi\u00f3 pese al aumento de solicitudes en Luisiana, luego que el hurac\u00e1n Ida devast\u00f3 la producci\u00f3n energ\u00e9tica en alta mar de Estados Unidos y cort\u00f3 el suministro el\u00e9ctrico.<\/p>\n\n\n\n<p class=\"wp-block-paragraph\">Tambi\u00e9n hubo aumentos notables en California, Virginia y Michigan, pero fueron compensados por grandes disminuciones en Florida, Georgia, Nueva York, Misuri y Tennessee.<\/p>\n\n\n\n<p class=\"has-text-align-right wp-block-paragraph\"><em>PL<\/em><\/p>\n","protected":false},"excerpt":{"rendered":"<p>WASHINGTON, EEUU.- Los pedidos iniciales de subsidio por desempleo cayeron a 310 mil hasta el 4 de septiembre, el nivel m\u00e1s bajo desde mediados de marzo de 2020, inform\u00f3 hoy el Departamento de Trabajo de Estados Unidos. Las solicitudes bajaron desde un r\u00e9cord de seis mil 149 millones a principios de abril de 2020 y [&hellip;]<\/p>\n","protected":false},"author":1,"featured_media":0,"comment_status":"open","ping_status":"open","sticky":false,"template":"","format":"standard","meta":{"_bbp_topic_count":0,"_bbp_reply_count":0,"_bbp_total_topic_count":0,"_bbp_total_reply_count":0,"_bbp_voice_count":0,"_bbp_anonymous_reply_count":0,"_bbp_topic_count_hidden":0,"_bbp_reply_count_hidden":0,"_bbp_forum_subforum_count":0,"footnotes":""},"categories":[35,60],"tags":[],"class_list":["post-350813","post","type-post","status-publish","format-standard","category-economia","category-titulares-del-dia"],"_links":{"self":[{"href":"https:\/\/primermomento.com\/index.php?rest_route=\/wp\/v2\/posts\/350813","targetHints":{"allow":["GET"]}}],"collection":[{"href":"https:\/\/primermomento.com\/index.php?rest_route=\/wp\/v2\/posts"}],"about":[{"href":"https:\/\/primermomento.com\/index.php?rest_route=\/wp\/v2\/types\/post"}],"author":[{"embeddable":true,"href":"https:\/\/primermomento.com\/index.php?rest_route=\/wp\/v2\/users\/1"}],"replies":[{"embeddable":true,"href":"https:\/\/primermomento.com\/index.php?rest_route=%2Fwp%2Fv2%2Fcomments&post=350813"}],"version-history":[{"count":1,"href":"https:\/\/primermomento.com\/index.php?rest_route=\/wp\/v2\/posts\/350813\/revisions"}],"predecessor-version":[{"id":350814,"href":"https:\/\/primermomento.com\/index.php?rest_route=\/wp\/v2\/posts\/350813\/revisions\/350814"}],"wp:attachment":[{"href":"https:\/\/primermomento.com\/index.php?rest_route=%2Fwp%2Fv2%2Fmedia&parent=350813"}],"wp:term":[{"taxonomy":"category","embeddable":true,"href":"https:\/\/primermomento.com\/index.php?rest_route=%2Fwp%2Fv2%2Fcategories&post=350813"},{"taxonomy":"post_tag","embeddable":true,"href":"https:\/\/primermomento.com\/index.php?rest_route=%2Fwp%2Fv2%2Ftags&post=350813"}],"curies":[{"name":"wp","href":"https:\/\/api.w.org\/{rel}","templated":true}]}}