{"id":351019,"date":"2021-09-14T14:48:05","date_gmt":"2021-09-14T18:48:05","guid":{"rendered":"http:\/\/primermomento.com\/?p=351019"},"modified":"2021-09-15T09:57:26","modified_gmt":"2021-09-15T13:57:26","slug":"fundacion-ayuda-a-familias-envejecientesefectua-encuentro-comunitario","status":"publish","type":"post","link":"https:\/\/primermomento.com\/?p=351019","title":{"rendered":"Fundaci\u00f3n de Envejecientes realiza reuni\u00f3n comunitaria"},"content":{"rendered":"\n<p>NUEVA YORK, EEUU.- La Fundaci\u00f3n de Ayuda a Familias y Envejecientes Inc., que dirige la doctora Nancy Medina en El Bronx, efectu\u00f3 el pasado fin de semana un encuentro comunitario con diferentes sectores dominicanos en dicho condado.<\/p>\n\n\n\n<div class=\"wp-block-image\"><figure class=\"aligncenter size-large\"><img loading=\"lazy\" decoding=\"async\" width=\"797\" height=\"360\" src=\"http:\/\/primermomento.com\/wp-content\/uploads\/2021\/09\/Fundacion-Ayuda-a-Familias-Envejecientes-en-El-Bronx-efectua-encuentro-comunitario.jpg\" alt=\"\" class=\"wp-image-351020\" srcset=\"https:\/\/primermomento.com\/wp-content\/uploads\/2021\/09\/Fundacion-Ayuda-a-Familias-Envejecientes-en-El-Bronx-efectua-encuentro-comunitario.jpg 797w, https:\/\/primermomento.com\/wp-content\/uploads\/2021\/09\/Fundacion-Ayuda-a-Familias-Envejecientes-en-El-Bronx-efectua-encuentro-comunitario-300x136.jpg 300w, https:\/\/primermomento.com\/wp-content\/uploads\/2021\/09\/Fundacion-Ayuda-a-Familias-Envejecientes-en-El-Bronx-efectua-encuentro-comunitario-768x347.jpg 768w, https:\/\/primermomento.com\/wp-content\/uploads\/2021\/09\/Fundacion-Ayuda-a-Familias-Envejecientes-en-El-Bronx-efectua-encuentro-comunitario-500x226.jpg 500w, https:\/\/primermomento.com\/wp-content\/uploads\/2021\/09\/Fundacion-Ayuda-a-Familias-Envejecientes-en-El-Bronx-efectua-encuentro-comunitario-280x126.jpg 280w, https:\/\/primermomento.com\/wp-content\/uploads\/2021\/09\/Fundacion-Ayuda-a-Familias-Envejecientes-en-El-Bronx-efectua-encuentro-comunitario-638x288.jpg 638w, https:\/\/primermomento.com\/wp-content\/uploads\/2021\/09\/Fundacion-Ayuda-a-Familias-Envejecientes-en-El-Bronx-efectua-encuentro-comunitario-118x53.jpg 118w, https:\/\/primermomento.com\/wp-content\/uploads\/2021\/09\/Fundacion-Ayuda-a-Familias-Envejecientes-en-El-Bronx-efectua-encuentro-comunitario-479x216.jpg 479w\" sizes=\"auto, (max-width: 797px) 100vw, 797px\" \/><\/figure><\/div>\n\n\n\n<p>La organizaci\u00f3n ayuda a personas envejecientes con demencia y el mal de Parkinson, asimismo, da asistencia en medicina a personas de la tercera edad y a mujeres por violencia dom\u00e9stica.<\/p>\n\n\n\n<p>Adem\u00e1s, protecci\u00f3n en caso de soledad, reclutamiento a ni\u00f1os inmigrantes reci\u00e9n llegado a Estados Unidos, tambi\u00e9n proporcionarle alimentos y alojamientos.<\/p>\n\n\n\n<p>Medina expres\u00f3 que la Fundaci\u00f3n necesita mucho de ustedes, esta comunidad necesita mucho de ustedes, hay muchas necesidades y las necesidades que hay, espec\u00edficamente en El Bronx, son grandes, sostuvo.<\/p>\n\n\n\n<p>A\u00f1adi\u00f3 \u201ca veces pensamos que como estamos en NY no hay necesidades y esta organizaci\u00f3n est\u00e1 haciendo sus esfuerzos hasta donde puede, y ayuda en lo que est\u00e9s a su alcance, expres\u00f3 la doctora Medina.<\/p>\n\n\n\n<p>Solicit\u00f3 a los oficiales electos tomar en cuenta la Fundaci\u00f3n para que la ayuden, porque es lo mismo ayudar la comunidad, que es la comunidad de ustedes.<\/p>\n\n\n\n<p>Entre los asistentes estuvieron el congresista Adriano Espaillat, los concejales Ydanis Rodr\u00edguez, representado por su asistente Vantroy Reyes, y Oswald Feliz del distrito 15.Adem\u00e1s, la candidata al Concejo Municipal por el distrito 14, Pierina S\u00e1nchez, y la directora del departamento comunitario del consulado, Ramona Almonte (Mon\u00edn), en representaci\u00f3n del c\u00f3nsul Eligio J\u00e1quez, entre otros.<\/p>\n\n\n\n<p>Tambi\u00e9n fueron reconocidos los mencionados m\u00e1s arriba por sus aportes a dicha Fundaci\u00f3n.<\/p>\n\n\n\n<p>El acto se llev\u00f3 a cabo en el 2130 de la avenida Aqueduct, entre las calles 180 y 181, en El Bronx. <\/p>\n\n\n\n<p class=\"has-text-align-right\"><em>Ram\u00f3n Mercedes<\/em><\/p>\n","protected":false},"excerpt":{"rendered":"<p>NUEVA YORK, EEUU.- La Fundaci\u00f3n de Ayuda a Familias y Envejecientes Inc., que dirige la doctora Nancy Medina en El Bronx, efectu\u00f3 el pasado fin de semana un encuentro comunitario con diferentes sectores dominicanos en dicho condado. La organizaci\u00f3n ayuda a personas envejecientes con demencia y el mal de Parkinson, asimismo, da asistencia en medicina [&hellip;]<\/p>\n","protected":false},"author":1,"featured_media":0,"comment_status":"open","ping_status":"open","sticky":false,"template":"","format":"standard","meta":{"_bbp_topic_count":0,"_bbp_reply_count":0,"_bbp_total_topic_count":0,"_bbp_total_reply_count":0,"_bbp_voice_count":0,"_bbp_anonymous_reply_count":0,"_bbp_topic_count_hidden":0,"_bbp_reply_count_hidden":0,"_bbp_forum_subforum_count":0,"footnotes":""},"categories":[40,60],"tags":[],"class_list":{"0":"post-351019","1":"post","2":"type-post","3":"status-publish","4":"format-standard","6":"category-comunidad","7":"category-titulares-del-dia"},"_links":{"self":[{"href":"https:\/\/primermomento.com\/index.php?rest_route=\/wp\/v2\/posts\/351019","targetHints":{"allow":["GET"]}}],"collection":[{"href":"https:\/\/primermomento.com\/index.php?rest_route=\/wp\/v2\/posts"}],"about":[{"href":"https:\/\/primermomento.com\/index.php?rest_route=\/wp\/v2\/types\/post"}],"author":[{"embeddable":true,"href":"https:\/\/primermomento.com\/index.php?rest_route=\/wp\/v2\/users\/1"}],"replies":[{"embeddable":true,"href":"https:\/\/primermomento.com\/index.php?rest_route=%2Fwp%2Fv2%2Fcomments&post=351019"}],"version-history":[{"count":2,"href":"https:\/\/primermomento.com\/index.php?rest_route=\/wp\/v2\/posts\/351019\/revisions"}],"predecessor-version":[{"id":351108,"href":"https:\/\/primermomento.com\/index.php?rest_route=\/wp\/v2\/posts\/351019\/revisions\/351108"}],"wp:attachment":[{"href":"https:\/\/primermomento.com\/index.php?rest_route=%2Fwp%2Fv2%2Fmedia&parent=351019"}],"wp:term":[{"taxonomy":"category","embeddable":true,"href":"https:\/\/primermomento.com\/index.php?rest_route=%2Fwp%2Fv2%2Fcategories&post=351019"},{"taxonomy":"post_tag","embeddable":true,"href":"https:\/\/primermomento.com\/index.php?rest_route=%2Fwp%2Fv2%2Ftags&post=351019"}],"curies":[{"name":"wp","href":"https:\/\/api.w.org\/{rel}","templated":true}]}}