{"id":351105,"date":"2021-09-15T04:52:00","date_gmt":"2021-09-15T08:52:00","guid":{"rendered":"http:\/\/primermomento.com\/?p=351105"},"modified":"2021-09-15T09:56:21","modified_gmt":"2021-09-15T13:56:21","slug":"buscan-pagar-beneficios-laborales-a-exservidores-publicos","status":"publish","type":"post","link":"https:\/\/primermomento.com\/?p=351105","title":{"rendered":"Buscan pagar beneficios laborales a exservidores p\u00fablicos"},"content":{"rendered":"\n<p class=\"wp-block-paragraph\">SANTO DOMINGO, Rep\u00fablica Dominicana.- El ministro de Administraci\u00f3n P\u00fablica, Dar\u00edo Castillo Lugo, se reuni\u00f3 con funcionarios del Ministerio Administrativo de la Presidencia (MAPRE), y dirigentes del Partido de la Liberaci\u00f3n Dominicana (PLD), con el prop\u00f3sito de llegar a acuerdos y buscar soluciones efectivas a los retrasos en los pagos de los beneficios laborales, de servidores p\u00fablicos desvinculados por \u00f3rganos y entes del Poder Ejecutivo.<\/p>\n\n\n\n<div class=\"wp-block-image\"><figure class=\"aligncenter size-large\"><img loading=\"lazy\" decoding=\"async\" width=\"628\" height=\"419\" src=\"http:\/\/primermomento.com\/wp-content\/uploads\/2021\/09\/MAP-y-pagos-a-desvinculados.jpg\" alt=\"\" class=\"wp-image-351106\" srcset=\"https:\/\/primermomento.com\/wp-content\/uploads\/2021\/09\/MAP-y-pagos-a-desvinculados.jpg 628w, https:\/\/primermomento.com\/wp-content\/uploads\/2021\/09\/MAP-y-pagos-a-desvinculados-300x200.jpg 300w, https:\/\/primermomento.com\/wp-content\/uploads\/2021\/09\/MAP-y-pagos-a-desvinculados-73x50.jpg 73w, https:\/\/primermomento.com\/wp-content\/uploads\/2021\/09\/MAP-y-pagos-a-desvinculados-500x334.jpg 500w, https:\/\/primermomento.com\/wp-content\/uploads\/2021\/09\/MAP-y-pagos-a-desvinculados-280x187.jpg 280w, https:\/\/primermomento.com\/wp-content\/uploads\/2021\/09\/MAP-y-pagos-a-desvinculados-60x40.jpg 60w, https:\/\/primermomento.com\/wp-content\/uploads\/2021\/09\/MAP-y-pagos-a-desvinculados-118x79.jpg 118w, https:\/\/primermomento.com\/wp-content\/uploads\/2021\/09\/MAP-y-pagos-a-desvinculados-479x320.jpg 479w\" sizes=\"auto, (max-width: 628px) 100vw, 628px\" \/><\/figure><\/div>\n\n\n\n<p class=\"wp-block-paragraph\">Castillo Lugo explic\u00f3 que el presidente Luis Abinader, en su compromiso de hacer cumplir la Constituci\u00f3n y las leyes, lo instruy\u00f3, como titular del MAP, junto al ministro Administrativo de la Presidencia y presidente del Partido Revolucionario Moderno (PRM), Jos\u00e9 Ignacio Paliza, a que se reunieran con el secretario general del PLD, Charles \u201cCharlie\u201d Mariotti, pues este \u00faltimo hab\u00eda dirigido una comunicaci\u00f3n al Primer Mandatario, en la cual expresaba su preocupaci\u00f3n ante el incumplimiento, por parte de algunas instituciones p\u00fablicas, del pago de derechos laborales a ex empleados p\u00fablicos.<\/p>\n\n\n\n<p class=\"wp-block-paragraph\">\u201cLa instrucci\u00f3n del Presidente es resolver esta situaci\u00f3n, salvaguardar el sistema y garantizar el Estado de Derecho, que debe primar, ante todo\u201d, declar\u00f3 el ministro Castillo Lugo.<\/p>\n\n\n\n<p class=\"wp-block-paragraph\">Dijo que en la reuni\u00f3n con Paliza y Mariotti, acordaron conformar una comisi\u00f3n t\u00e9cnica, a fin de concertar ideas que, en definitiva, solucionen el problema de las dilaciones en los pagos de los beneficios laborales.<\/p>\n\n\n\n<p class=\"wp-block-paragraph\">La comisi\u00f3n t\u00e9cnica estar\u00e1 conformada, por el MAP, adem\u00e1s de Dar\u00edo Castillo Lugo, por la viceministra de Funci\u00f3n P\u00fablica, Carolina Torrens, y la directora de Relaciones Laborales, Mariza de la Cruz; por el MAPRE, est\u00e1n el ministro Jos\u00e9 Ignacio Paliza, los viceministros Andr\u00e9s Lugo Risk y Ovi Saldivar, y el coordinador de Proyectos, Engels Hern\u00e1ndez; por la dirigencia del PLD, una comisi\u00f3n encabezada por el miembro del Comit\u00e9 Pol\u00edtico y ex ministro de Administraci\u00f3n P\u00fablica, Ram\u00f3n Ventura Camejo, e integrada por Jos\u00e9 Dant\u00e9s D\u00edaz, Elic Fern\u00e1ndez, Yulibelys Wandelpool y Dariel Guzm\u00e1n.<\/p>\n\n\n\n<p class=\"wp-block-paragraph\">Durante la reuni\u00f3n, los participantes convinieron en identificar las instituciones con retrasos en los pagos, y definir los procedimientos y medidas que contribuyan al logro de los objetivos propuestos.<\/p>\n\n\n\n<p class=\"wp-block-paragraph\">Por su parte, el MAP, dirigir\u00e1 una circular a los titulares de los entes y \u00f3rganos de la Administraci\u00f3n P\u00fablica que fuesen necesarios, para reiterar la disposici\u00f3n del Presidente, de cumplir con los pagos de los beneficios laborales, seg\u00fan establece la ley de Funci\u00f3n P\u00fablica.<\/p>\n\n\n\n<p class=\"wp-block-paragraph\">Adem\u00e1s, el ministro Castillo Lugo, se reunir\u00e1 con los ministros, directores generales y nacionales, y dem\u00e1s titulares de instituciones p\u00fablicas, que presenten retrasos en los pagos de las prestaciones laborales; iniciando con una visita al director del Instituto Postal Dominicano (INPOSDOM), Ad\u00e1n Peguero, quien, recientemente, ha sido sometido por el Defensor del Pueblo, por asuntos relacionados a servidores p\u00fablicos desvinculados.<\/p>\n","protected":false},"excerpt":{"rendered":"<p>SANTO DOMINGO, Rep\u00fablica Dominicana.- El ministro de Administraci\u00f3n P\u00fablica, Dar\u00edo Castillo Lugo, se reuni\u00f3 con funcionarios del Ministerio Administrativo de la Presidencia (MAPRE), y dirigentes del Partido de la Liberaci\u00f3n Dominicana (PLD), con el prop\u00f3sito de llegar a acuerdos y buscar soluciones efectivas a los retrasos en los pagos de los beneficios laborales, de servidores [&hellip;]<\/p>\n","protected":false},"author":1,"featured_media":0,"comment_status":"open","ping_status":"open","sticky":false,"template":"","format":"standard","meta":{"_bbp_topic_count":0,"_bbp_reply_count":0,"_bbp_total_topic_count":0,"_bbp_total_reply_count":0,"_bbp_voice_count":0,"_bbp_anonymous_reply_count":0,"_bbp_topic_count_hidden":0,"_bbp_reply_count_hidden":0,"_bbp_forum_subforum_count":0,"footnotes":""},"categories":[35,60],"tags":[],"class_list":["post-351105","post","type-post","status-publish","format-standard","category-economia","category-titulares-del-dia"],"_links":{"self":[{"href":"https:\/\/primermomento.com\/index.php?rest_route=\/wp\/v2\/posts\/351105","targetHints":{"allow":["GET"]}}],"collection":[{"href":"https:\/\/primermomento.com\/index.php?rest_route=\/wp\/v2\/posts"}],"about":[{"href":"https:\/\/primermomento.com\/index.php?rest_route=\/wp\/v2\/types\/post"}],"author":[{"embeddable":true,"href":"https:\/\/primermomento.com\/index.php?rest_route=\/wp\/v2\/users\/1"}],"replies":[{"embeddable":true,"href":"https:\/\/primermomento.com\/index.php?rest_route=%2Fwp%2Fv2%2Fcomments&post=351105"}],"version-history":[{"count":1,"href":"https:\/\/primermomento.com\/index.php?rest_route=\/wp\/v2\/posts\/351105\/revisions"}],"predecessor-version":[{"id":351107,"href":"https:\/\/primermomento.com\/index.php?rest_route=\/wp\/v2\/posts\/351105\/revisions\/351107"}],"wp:attachment":[{"href":"https:\/\/primermomento.com\/index.php?rest_route=%2Fwp%2Fv2%2Fmedia&parent=351105"}],"wp:term":[{"taxonomy":"category","embeddable":true,"href":"https:\/\/primermomento.com\/index.php?rest_route=%2Fwp%2Fv2%2Fcategories&post=351105"},{"taxonomy":"post_tag","embeddable":true,"href":"https:\/\/primermomento.com\/index.php?rest_route=%2Fwp%2Fv2%2Ftags&post=351105"}],"curies":[{"name":"wp","href":"https:\/\/api.w.org\/{rel}","templated":true}]}}