{"id":351324,"date":"2021-09-20T15:21:27","date_gmt":"2021-09-20T19:21:27","guid":{"rendered":"http:\/\/primermomento.com\/?p=351324"},"modified":"2021-09-20T15:21:27","modified_gmt":"2021-09-20T19:21:27","slug":"co-renombran-calle-de-ny-en-honor-a-dominicana-normandia-maldonado","status":"publish","type":"post","link":"https:\/\/primermomento.com\/?p=351324","title":{"rendered":"Co-renombran calle de NY en honor a dominicana Normand\u00eda Maldonado"},"content":{"rendered":"\n<p>NUEVA YORK, EEUU.- La intersecci\u00f3n de la avenida \u00c1msterdam y la calle 167, en el Alto manhattan, se co-nombr\u00f3 como Normand\u00eda Maldonado, una maestra dominicana y activista comunitaria, quien se dedic\u00f3 por d\u00e9cadas a elevar la vida de los dominicanos con gran compasi\u00f3n y optimismo en esta ciudad.<\/p>\n\n\n\n<div class=\"wp-block-image\"><figure class=\"aligncenter size-large\"><img loading=\"lazy\" decoding=\"async\" width=\"1024\" height=\"768\" src=\"http:\/\/primermomento.com\/wp-content\/uploads\/2021\/09\/Renombran-calle-Alto-Manhattan-honor-dominicana-Normandia-Maldonado-1024x768.jpg\" alt=\"\" class=\"wp-image-351332\" srcset=\"https:\/\/primermomento.com\/wp-content\/uploads\/2021\/09\/Renombran-calle-Alto-Manhattan-honor-dominicana-Normandia-Maldonado-1024x768.jpg 1024w, https:\/\/primermomento.com\/wp-content\/uploads\/2021\/09\/Renombran-calle-Alto-Manhattan-honor-dominicana-Normandia-Maldonado-300x225.jpg 300w, https:\/\/primermomento.com\/wp-content\/uploads\/2021\/09\/Renombran-calle-Alto-Manhattan-honor-dominicana-Normandia-Maldonado-768x576.jpg 768w, https:\/\/primermomento.com\/wp-content\/uploads\/2021\/09\/Renombran-calle-Alto-Manhattan-honor-dominicana-Normandia-Maldonado-120x90.jpg 120w, https:\/\/primermomento.com\/wp-content\/uploads\/2021\/09\/Renombran-calle-Alto-Manhattan-honor-dominicana-Normandia-Maldonado-500x375.jpg 500w, https:\/\/primermomento.com\/wp-content\/uploads\/2021\/09\/Renombran-calle-Alto-Manhattan-honor-dominicana-Normandia-Maldonado-280x210.jpg 280w, https:\/\/primermomento.com\/wp-content\/uploads\/2021\/09\/Renombran-calle-Alto-Manhattan-honor-dominicana-Normandia-Maldonado-638x479.jpg 638w, https:\/\/primermomento.com\/wp-content\/uploads\/2021\/09\/Renombran-calle-Alto-Manhattan-honor-dominicana-Normandia-Maldonado-118x89.jpg 118w, https:\/\/primermomento.com\/wp-content\/uploads\/2021\/09\/Renombran-calle-Alto-Manhattan-honor-dominicana-Normandia-Maldonado-479x359.jpg 479w, https:\/\/primermomento.com\/wp-content\/uploads\/2021\/09\/Renombran-calle-Alto-Manhattan-honor-dominicana-Normandia-Maldonado.jpg 1112w\" sizes=\"auto, (max-width: 1024px) 100vw, 1024px\" \/><\/figure><\/div>\n\n\n\n<p>El concejal Ydanis Rodr\u00edguez, el autor de la propuesta, declar\u00f3 que Maldonado fue pionera en encabezar el avance y fomentar el progreso de los quisqueyanos en NYC a trav\u00e9s de la participaci\u00f3n comunitaria, las artes y la promoci\u00f3n de la rica herencia cultural del pueblo dominicano.<\/p>\n\n\n\n<p>Esta acci\u00f3n de hoy es para conmemorar su vida y legado, adem\u00e1s quede para historia y las futuras generaciones.<\/p>\n\n\n\n<p>Al acto se unieron el congresista Adriano Espaillat, el senador estatal Robert Jackson, la asamble\u00edsta Carmen de la Rosa, el presidente de la Junta Comunitaria 12, Eleazar Bueno, representantes de Alianza Dominicana, familiares, y amigos.<\/p>\n\n\n\n<p>Maldonado lleg\u00f3 a Estados Unidos en el 1960 y falleci\u00f3 el 7 de febrero del 2018.<\/p>\n\n\n\n<p>En sus 58 a\u00f1os de residir en territorio estadounidense fund\u00f3 el Centro Cultural Ballet Quisqueya, el Club C\u00edvico y Cultural Juan Pablo Duarte, Inc. y se convirti\u00f3 en miembro fundadora del comit\u00e9 del Desfile y Festival Dominicano, hoy conocido como \u201cDominican Day Parade\u201d.<\/p>\n\n\n\n<p>Viaj\u00f3 por todo el mundo actuando en estaciones de televisi\u00f3n locales y nacionales.<\/p>\n\n\n\n<p>Concibi\u00f3 la idea de tener una estatua del padre fundador de la RD, Juan Pablo Duarte, erigida como emblema de los dominicanos en esta ciudad, sue\u00f1o que se har\u00eda realidad en 1978, tras a\u00f1os de lucha.<\/p>\n\n\n\n<p>Organizaciones e instituciones locales como Alianza Dominicana, el Sal\u00f3n de la Fama del Folklore Dominicano, y el Instituto de Estudios Dominicanos de CUNY, la han honrado por sus logros y contribuciones.<\/p>\n\n\n\n<p class=\"has-text-align-right\"><em>Ram\u00f3n Mercedes<\/em><\/p>\n","protected":false},"excerpt":{"rendered":"<p>NUEVA YORK, EEUU.- La intersecci\u00f3n de la avenida \u00c1msterdam y la calle 167, en el Alto manhattan, se co-nombr\u00f3 como Normand\u00eda Maldonado, una maestra dominicana y activista comunitaria, quien se dedic\u00f3 por d\u00e9cadas a elevar la vida de los dominicanos con gran compasi\u00f3n y optimismo en esta ciudad. El concejal Ydanis Rodr\u00edguez, el autor de [&hellip;]<\/p>\n","protected":false},"author":1,"featured_media":0,"comment_status":"open","ping_status":"open","sticky":false,"template":"","format":"standard","meta":{"_bbp_topic_count":0,"_bbp_reply_count":0,"_bbp_total_topic_count":0,"_bbp_total_reply_count":0,"_bbp_voice_count":0,"_bbp_anonymous_reply_count":0,"_bbp_topic_count_hidden":0,"_bbp_reply_count_hidden":0,"_bbp_forum_subforum_count":0,"footnotes":""},"categories":[40,60],"tags":[],"class_list":{"0":"post-351324","1":"post","2":"type-post","3":"status-publish","4":"format-standard","6":"category-comunidad","7":"category-titulares-del-dia"},"_links":{"self":[{"href":"https:\/\/primermomento.com\/index.php?rest_route=\/wp\/v2\/posts\/351324","targetHints":{"allow":["GET"]}}],"collection":[{"href":"https:\/\/primermomento.com\/index.php?rest_route=\/wp\/v2\/posts"}],"about":[{"href":"https:\/\/primermomento.com\/index.php?rest_route=\/wp\/v2\/types\/post"}],"author":[{"embeddable":true,"href":"https:\/\/primermomento.com\/index.php?rest_route=\/wp\/v2\/users\/1"}],"replies":[{"embeddable":true,"href":"https:\/\/primermomento.com\/index.php?rest_route=%2Fwp%2Fv2%2Fcomments&post=351324"}],"version-history":[{"count":1,"href":"https:\/\/primermomento.com\/index.php?rest_route=\/wp\/v2\/posts\/351324\/revisions"}],"predecessor-version":[{"id":351333,"href":"https:\/\/primermomento.com\/index.php?rest_route=\/wp\/v2\/posts\/351324\/revisions\/351333"}],"wp:attachment":[{"href":"https:\/\/primermomento.com\/index.php?rest_route=%2Fwp%2Fv2%2Fmedia&parent=351324"}],"wp:term":[{"taxonomy":"category","embeddable":true,"href":"https:\/\/primermomento.com\/index.php?rest_route=%2Fwp%2Fv2%2Fcategories&post=351324"},{"taxonomy":"post_tag","embeddable":true,"href":"https:\/\/primermomento.com\/index.php?rest_route=%2Fwp%2Fv2%2Ftags&post=351324"}],"curies":[{"name":"wp","href":"https:\/\/api.w.org\/{rel}","templated":true}]}}