{"id":351351,"date":"2021-09-20T15:42:34","date_gmt":"2021-09-20T19:42:34","guid":{"rendered":"http:\/\/primermomento.com\/?p=351351"},"modified":"2021-09-20T15:42:36","modified_gmt":"2021-09-20T19:42:36","slug":"entrada-de-viajeros-vacunados-a-eeuu-impulsara-recuperacion-economica","status":"publish","type":"post","link":"https:\/\/primermomento.com\/?p=351351","title":{"rendered":"Entrada de viajeros vacunados a EEUU impulsar\u00e1 recuperaci\u00f3n econ\u00f3mica"},"content":{"rendered":"\n<p class=\"wp-block-paragraph\">GINEBRA, Suiza.- La decisi\u00f3n de Estados Unidos de permitir la entrada al pa\u00eds de los viajeros vacunados contra la Covid-19 impulsar\u00e1 la recuperaci\u00f3n econ\u00f3mica y el turismo global, afirm\u00f3 hoy la Asociaci\u00f3n Internacional de Transporte A\u00e9reo (IATA).<\/p>\n\n\n\n<div class=\"wp-block-image\"><figure class=\"aligncenter size-large\"><img loading=\"lazy\" decoding=\"async\" width=\"600\" height=\"450\" src=\"http:\/\/primermomento.com\/wp-content\/uploads\/2021\/09\/viajeros-vacunados.jpg\" alt=\"\" class=\"wp-image-351352\" srcset=\"https:\/\/primermomento.com\/wp-content\/uploads\/2021\/09\/viajeros-vacunados.jpg 600w, https:\/\/primermomento.com\/wp-content\/uploads\/2021\/09\/viajeros-vacunados-300x225.jpg 300w, https:\/\/primermomento.com\/wp-content\/uploads\/2021\/09\/viajeros-vacunados-120x90.jpg 120w, https:\/\/primermomento.com\/wp-content\/uploads\/2021\/09\/viajeros-vacunados-500x375.jpg 500w, https:\/\/primermomento.com\/wp-content\/uploads\/2021\/09\/viajeros-vacunados-280x210.jpg 280w, https:\/\/primermomento.com\/wp-content\/uploads\/2021\/09\/viajeros-vacunados-118x89.jpg 118w, https:\/\/primermomento.com\/wp-content\/uploads\/2021\/09\/viajeros-vacunados-479x359.jpg 479w\" sizes=\"auto, (max-width: 600px) 100vw, 600px\" \/><\/figure><\/div>\n\n\n\n<p class=\"wp-block-paragraph\">Este lunes la Casa Blanca inform\u00f3 que a partir de noviembre los extranjeros que deseen entrar a territorio estadounidense deber\u00e1n presentar una prueba de vacunaci\u00f3n contra el coronavirus SARS-CoV-2 antes de abordar su vuelo y adem\u00e1s se exigir\u00e1 un test negativo contra la enfermedad.<\/p>\n\n\n\n<p class=\"wp-block-paragraph\">La medida reemplaza las restricciones existentes que imped\u00edan ingresar a la naci\u00f3n norte\u00f1a a cualquier persona que hubiera estado en los 14 d\u00edas anteriores en alguno de los 33 pa\u00edses contenidos en un listado, entre ellos Reino Unido, Irlanda, India, Brasil, China y Sud\u00e1frica.<\/p>\n\n\n\n<p class=\"wp-block-paragraph\">El director general de la IATA, Willie Walsh, consider\u00f3 que esta disposici\u00f3n es buena para los millones de personas que dependen del turismo mundial, e impulsar\u00e1 la recuperaci\u00f3n econ\u00f3mica al habilitar algunos mercados clave de viajes de negocios.<\/p>\n\n\n\n<p class=\"wp-block-paragraph\">A\u00f1adi\u00f3 que el pr\u00f3ximo desaf\u00edo es encontrar un sistema para gestionar los riesgos de los viajeros que no tienen acceso a las vacunas, problem\u00e1tica en la que apreci\u00f3 como posible soluci\u00f3n la aplicaci\u00f3n de las pruebas.<\/p>\n\n\n\n<p class=\"wp-block-paragraph\">Adem\u00e1s, inst\u00f3 a los gobiernos a acelerar el lanzamiento mundial de inmun\u00f3genos y acordar un marco global en el que los recursos de pruebas se centren en los viajeros no vacunados.<\/p>\n\n\n\n<p class=\"wp-block-paragraph\">&#8216;Debemos volver a una situaci\u00f3n en la que la libertad de viajar est\u00e9 disponible para todos &#8216;, dijo Walsh.<\/p>\n\n\n\n<p class=\"has-text-align-right wp-block-paragraph\"><em>PL<\/em><\/p>\n","protected":false},"excerpt":{"rendered":"<p>GINEBRA, Suiza.- La decisi\u00f3n de Estados Unidos de permitir la entrada al pa\u00eds de los viajeros vacunados contra la Covid-19 impulsar\u00e1 la recuperaci\u00f3n econ\u00f3mica y el turismo global, afirm\u00f3 hoy la Asociaci\u00f3n Internacional de Transporte A\u00e9reo (IATA). Este lunes la Casa Blanca inform\u00f3 que a partir de noviembre los extranjeros que deseen entrar a territorio [&hellip;]<\/p>\n","protected":false},"author":1,"featured_media":0,"comment_status":"open","ping_status":"open","sticky":false,"template":"","format":"standard","meta":{"_bbp_topic_count":0,"_bbp_reply_count":0,"_bbp_total_topic_count":0,"_bbp_total_reply_count":0,"_bbp_voice_count":0,"_bbp_anonymous_reply_count":0,"_bbp_topic_count_hidden":0,"_bbp_reply_count_hidden":0,"_bbp_forum_subforum_count":0,"footnotes":""},"categories":[35,60],"tags":[],"class_list":["post-351351","post","type-post","status-publish","format-standard","category-economia","category-titulares-del-dia"],"_links":{"self":[{"href":"https:\/\/primermomento.com\/index.php?rest_route=\/wp\/v2\/posts\/351351","targetHints":{"allow":["GET"]}}],"collection":[{"href":"https:\/\/primermomento.com\/index.php?rest_route=\/wp\/v2\/posts"}],"about":[{"href":"https:\/\/primermomento.com\/index.php?rest_route=\/wp\/v2\/types\/post"}],"author":[{"embeddable":true,"href":"https:\/\/primermomento.com\/index.php?rest_route=\/wp\/v2\/users\/1"}],"replies":[{"embeddable":true,"href":"https:\/\/primermomento.com\/index.php?rest_route=%2Fwp%2Fv2%2Fcomments&post=351351"}],"version-history":[{"count":1,"href":"https:\/\/primermomento.com\/index.php?rest_route=\/wp\/v2\/posts\/351351\/revisions"}],"predecessor-version":[{"id":351353,"href":"https:\/\/primermomento.com\/index.php?rest_route=\/wp\/v2\/posts\/351351\/revisions\/351353"}],"wp:attachment":[{"href":"https:\/\/primermomento.com\/index.php?rest_route=%2Fwp%2Fv2%2Fmedia&parent=351351"}],"wp:term":[{"taxonomy":"category","embeddable":true,"href":"https:\/\/primermomento.com\/index.php?rest_route=%2Fwp%2Fv2%2Fcategories&post=351351"},{"taxonomy":"post_tag","embeddable":true,"href":"https:\/\/primermomento.com\/index.php?rest_route=%2Fwp%2Fv2%2Ftags&post=351351"}],"curies":[{"name":"wp","href":"https:\/\/api.w.org\/{rel}","templated":true}]}}