{"id":351506,"date":"2021-09-22T10:53:00","date_gmt":"2021-09-22T14:53:00","guid":{"rendered":"http:\/\/primermomento.com\/?p=351506"},"modified":"2021-09-22T16:10:55","modified_gmt":"2021-09-22T20:10:55","slug":"anuncian-la-apertura-de-una-sucursal-del-banco-de-reservas-en-ny","status":"publish","type":"post","link":"https:\/\/primermomento.com\/?p=351506","title":{"rendered":"Anuncian la apertura de una sucursal del Banco de Reservas en NY"},"content":{"rendered":"\n<p class=\"wp-block-paragraph\">NUEVA YORK, EEUU.- Con la presencia\u00a0 del presidente Luis Abanador\u00a0se anunci\u00f3 en esta ciudad\u00a0que el Banco de Reservas\u00a0est\u00e1 gestionando con las autoridades de Estados Unidos la apertura de una oficina\u00a0de esa instituci\u00f3n financiera con el prop\u00f3sito de brindar diversos servicios a la comunidad criolla en el exterior.<\/p>\n\n\n\n<div class=\"wp-block-image\"><figure class=\"aligncenter size-large\"><img loading=\"lazy\" decoding=\"async\" width=\"695\" height=\"327\" src=\"http:\/\/primermomento.com\/wp-content\/uploads\/2021\/09\/Banservas-NY-y-Abinader.jpg\" alt=\"\" class=\"wp-image-351507\" srcset=\"https:\/\/primermomento.com\/wp-content\/uploads\/2021\/09\/Banservas-NY-y-Abinader.jpg 695w, https:\/\/primermomento.com\/wp-content\/uploads\/2021\/09\/Banservas-NY-y-Abinader-300x141.jpg 300w, https:\/\/primermomento.com\/wp-content\/uploads\/2021\/09\/Banservas-NY-y-Abinader-500x235.jpg 500w, https:\/\/primermomento.com\/wp-content\/uploads\/2021\/09\/Banservas-NY-y-Abinader-280x132.jpg 280w, https:\/\/primermomento.com\/wp-content\/uploads\/2021\/09\/Banservas-NY-y-Abinader-638x300.jpg 638w, https:\/\/primermomento.com\/wp-content\/uploads\/2021\/09\/Banservas-NY-y-Abinader-118x56.jpg 118w, https:\/\/primermomento.com\/wp-content\/uploads\/2021\/09\/Banservas-NY-y-Abinader-479x225.jpg 479w\" sizes=\"auto, (max-width: 695px) 100vw, 695px\" \/><\/figure><\/div>\n\n\n\n<p class=\"wp-block-paragraph\">La informaci\u00f3n la ofreci\u00f3 Samuel Pereyra, administrador \u00a0del Banco de Reservas, \u00a0quien precis\u00f3\u00a0que con ese logro\u00a0se brindar\u00e1\u00a0servicios a los\u00a0dominicanos y dominicanas residentes en Estados Unidos.<\/p>\n\n\n\n<p class=\"wp-block-paragraph\">Pereyra inform\u00f3 que con la apertura\u00a0de una oficina de representaci\u00f3n en Nueva York, la entidad bancaria\u00a0 podr\u00eda respaldar\u00a0las iniciativas y proyectos de los dominicanos\u00a0que residen en territorio estadunidense.<\/p>\n\n\n\n<p class=\"wp-block-paragraph\">Sostuvo que\u00a0en el caso de Nueva York, donde residen m\u00e1s de un mill\u00f3n de dominicanos, el Banco cuenta\u00a0con la colaboraci\u00f3n del Consulado Dominicano, que preside el ingeniero Eligio J\u00e1quez.<\/p>\n\n\n\n<p class=\"wp-block-paragraph\">\u00a0Durante su intervenci\u00f3n, Pereyra dijo\u00a0que las facilidades\u00a0incluyen\u00a0la adquisici\u00f3n de una vivienda con tasas bajas\u00a0que oferta\u00a0la Expo-hogar, vigente hasta el 30 de este mes de septiembre.<\/p>\n\n\n\n<p class=\"wp-block-paragraph\">Inform\u00f3 que tambi\u00e9n los dominicanos podr\u00e1n enviar remesas\u00a0a bajo costo\u00a0a trav\u00e9s del Banco y por medios de las diversas remesadoras con las que tiene acuerdos, as\u00ed\u00a0los residentes en Rep\u00fablica Dominicana\u00a0recibir\u00e1n las divisas directamente\u00a0en sus cuentas bancarias de la instituci\u00f3n financiera.<\/p>\n\n\n\n<p class=\"wp-block-paragraph\">PALABRAS DEL CONSUL ELIGIO JAQUEZ<\/p>\n\n\n\n<p class=\"wp-block-paragraph\">El C\u00f3nsul Eligio J\u00e1quez, se dirigi\u00f3 brevemente a los asistentes donde se anunci\u00f3 la apertura de la oficina del Banresevas en esta ciudad y se\u00f1al\u00f3 que se sent\u00eda feliz y orgulloso de poder ver los logros que en el primer a\u00f1o de gobierno encabezado por Luis Abinader en beneficio de la comunidad dominicana en el exterior.<\/p>\n\n\n\n<p class=\"wp-block-paragraph\">\u00a0\u201cAnoche\u00a0 en una reuni\u00f3n donde por primera vez\u00a0 se celebra un Consejo de Gobierno en el exterior, encabezado por el Presidente Abinader, se anunci\u00f3 la\u00a0 implementaci\u00f3n de varios servicios \u00a0del Estado a favor de la comunidad dominicana en el exterior\u201d, precis\u00f3\u00a0J\u00e1quez.<\/p>\n\n\n\n<p class=\"wp-block-paragraph\">Entre los servicios que se le ofrecer\u00e1 a di\u00e1spora dominicana se cit\u00f3\u00a0el programa de vivienda \u201cFamilia Feliz\u201d, Seguro Nacional de Salud (SENASA) servicios y facilidades de Aduanas, as\u00ed como la facilidad para impartir cursos en el Instituto T\u00e9cnico Profesional (INFOTEP), entre otros..<\/p>\n\n\n\n<p class=\"wp-block-paragraph\">El funcionario consular dijo que el objetivo\u00a0del encuentro\u00a0con la presencia del presidente y el administrador del Banreservas\u00a0ha sido explicar\u00a0a los dominicanos\u00a0residentes aqu\u00ed que pueden\u00a0 beneficiarse de las facilidades de dicha instituci\u00f3n financiera, as\u00ed como de las dem\u00e1s facilidades.<\/p>\n\n\n\n<p class=\"wp-block-paragraph\">A la actividad\u00a0del Banco de Reservas efectuada en un hotel de Manhattan, asistieron representantes del comercio, el empresariado, profesionales, l\u00edderes pol\u00edticos y comunitarios y miembros de la prensa hispana de Nueva York y la Rep\u00fablica Dominicana. \u00a0<\/p>\n\n\n\n<p class=\"wp-block-paragraph\">J\u00e1quez se\u00f1al\u00f3 que los dominicanos\u00a0residentes\u00a0 en el exterior est\u00e1n satisfechos con los resultados\u00a0de la visita del presidente, porque sienten\u00a0que el Gobierno le pertenece y porque tienen la confianza que el gobierno les cumplir\u00e1.<\/p>\n","protected":false},"excerpt":{"rendered":"<p>NUEVA YORK, EEUU.- Con la presencia\u00a0 del presidente Luis Abanador\u00a0se anunci\u00f3 en esta ciudad\u00a0que el Banco de Reservas\u00a0est\u00e1 gestionando con las autoridades de Estados Unidos la apertura de una oficina\u00a0de esa instituci\u00f3n financiera con el prop\u00f3sito de brindar diversos servicios a la comunidad criolla en el exterior. La informaci\u00f3n la ofreci\u00f3 Samuel Pereyra, administrador \u00a0del [&hellip;]<\/p>\n","protected":false},"author":1,"featured_media":0,"comment_status":"open","ping_status":"open","sticky":false,"template":"","format":"standard","meta":{"_bbp_topic_count":0,"_bbp_reply_count":0,"_bbp_total_topic_count":0,"_bbp_total_reply_count":0,"_bbp_voice_count":0,"_bbp_anonymous_reply_count":0,"_bbp_topic_count_hidden":0,"_bbp_reply_count_hidden":0,"_bbp_forum_subforum_count":0,"footnotes":""},"categories":[35,60],"tags":[],"class_list":["post-351506","post","type-post","status-publish","format-standard","category-economia","category-titulares-del-dia"],"_links":{"self":[{"href":"https:\/\/primermomento.com\/index.php?rest_route=\/wp\/v2\/posts\/351506","targetHints":{"allow":["GET"]}}],"collection":[{"href":"https:\/\/primermomento.com\/index.php?rest_route=\/wp\/v2\/posts"}],"about":[{"href":"https:\/\/primermomento.com\/index.php?rest_route=\/wp\/v2\/types\/post"}],"author":[{"embeddable":true,"href":"https:\/\/primermomento.com\/index.php?rest_route=\/wp\/v2\/users\/1"}],"replies":[{"embeddable":true,"href":"https:\/\/primermomento.com\/index.php?rest_route=%2Fwp%2Fv2%2Fcomments&post=351506"}],"version-history":[{"count":1,"href":"https:\/\/primermomento.com\/index.php?rest_route=\/wp\/v2\/posts\/351506\/revisions"}],"predecessor-version":[{"id":351508,"href":"https:\/\/primermomento.com\/index.php?rest_route=\/wp\/v2\/posts\/351506\/revisions\/351508"}],"wp:attachment":[{"href":"https:\/\/primermomento.com\/index.php?rest_route=%2Fwp%2Fv2%2Fmedia&parent=351506"}],"wp:term":[{"taxonomy":"category","embeddable":true,"href":"https:\/\/primermomento.com\/index.php?rest_route=%2Fwp%2Fv2%2Fcategories&post=351506"},{"taxonomy":"post_tag","embeddable":true,"href":"https:\/\/primermomento.com\/index.php?rest_route=%2Fwp%2Fv2%2Ftags&post=351506"}],"curies":[{"name":"wp","href":"https:\/\/api.w.org\/{rel}","templated":true}]}}