{"id":351596,"date":"2021-09-24T09:22:00","date_gmt":"2021-09-24T13:22:00","guid":{"rendered":"http:\/\/primermomento.com\/?p=351596"},"modified":"2021-09-24T12:26:18","modified_gmt":"2021-09-24T16:26:18","slug":"grupo-bipartidista-en-eeuu-alerta-sobre-impago-de-la-deuda","status":"publish","type":"post","link":"https:\/\/primermomento.com\/?p=351596","title":{"rendered":"Grupo bipartidista en EEUU alerta sobre impago de la deuda"},"content":{"rendered":"\n<p class=\"wp-block-paragraph\">WASHINGTON, EEUU.- El Centro de Pol\u00edtica Bipartidista (BPC) en Estados Unidos alert\u00f3 hoy que si el pa\u00eds incumple con el pago de la deuda podr\u00eda causar da\u00f1os catastr\u00f3ficos.<\/p>\n\n\n\n<div class=\"wp-block-image\"><figure class=\"aligncenter size-large\"><img loading=\"lazy\" decoding=\"async\" width=\"863\" height=\"486\" src=\"http:\/\/primermomento.com\/wp-content\/uploads\/2021\/06\/congreso-eeuu.jpg\" alt=\"\" class=\"wp-image-345714\" srcset=\"https:\/\/primermomento.com\/wp-content\/uploads\/2021\/06\/congreso-eeuu.jpg 863w, https:\/\/primermomento.com\/wp-content\/uploads\/2021\/06\/congreso-eeuu-300x169.jpg 300w, https:\/\/primermomento.com\/wp-content\/uploads\/2021\/06\/congreso-eeuu-768x433.jpg 768w, https:\/\/primermomento.com\/wp-content\/uploads\/2021\/06\/congreso-eeuu-478x270.jpg 478w, https:\/\/primermomento.com\/wp-content\/uploads\/2021\/06\/congreso-eeuu-500x282.jpg 500w, https:\/\/primermomento.com\/wp-content\/uploads\/2021\/06\/congreso-eeuu-280x158.jpg 280w, https:\/\/primermomento.com\/wp-content\/uploads\/2021\/06\/congreso-eeuu-638x359.jpg 638w, https:\/\/primermomento.com\/wp-content\/uploads\/2021\/06\/congreso-eeuu-118x66.jpg 118w, https:\/\/primermomento.com\/wp-content\/uploads\/2021\/06\/congreso-eeuu-479x270.jpg 479w\" sizes=\"auto, (max-width: 863px) 100vw, 863px\" \/><\/figure><\/div>\n\n\n\n<p class=\"wp-block-paragraph\">En un informe en el diario The Hill, el BPC pronostic\u00f3 que los estadounidenses est\u00e1n en camino de vulnerar la deuda nacional en alg\u00fan momento entre el 15 de octubre y el 4 de noviembre si el Congreso no es capaz de elevar su techo.<\/p>\n\n\n\n<p class=\"wp-block-paragraph\">Las nuevas proyecciones del BPC redujeron la ventana prevista en la que es probable que Washington llegue a la &#8216;fecha x&#8217;, el d\u00eda en que el Departamento del Tesoro se queda sin efectivo para honrar las obligaciones del pa\u00eds, indic\u00f3 la publicaci\u00f3n.<\/p>\n\n\n\n<p class=\"wp-block-paragraph\">Estados Unidos nunca dej\u00f3 de pagar su deuda, y los expertos dicen que hacerlo podr\u00eda causar da\u00f1os catastr\u00f3ficos, alert\u00f3 el grupo.<\/p>\n\n\n\n<p class=\"wp-block-paragraph\">&#8216;Lo que el Tesoro har\u00eda en esa situaci\u00f3n es incierto. Nunca hemos pasado por eso&#8217;, dijo Shai Akabas, director de pol\u00edtica econ\u00f3mica de BPC, citado por el peri\u00f3dico.<\/p>\n\n\n\n<p class=\"wp-block-paragraph\">&#8216;Lo que s\u00ed sabemos es que los riesgos ser\u00edan significativos y los costes potencialmente muy elevados&#8217;, a\u00f1adi\u00f3.<\/p>\n\n\n\n<p class=\"wp-block-paragraph\">Si el Tesoro no puede pedir m\u00e1s dinero prestado despu\u00e9s de agotar las medidas extraordinarias, tendr\u00eda una serie de opciones muy arriesgadas y potencialmente ineficaces para amortiguar el golpe, dijo Akabas.<\/p>\n\n\n\n<p class=\"wp-block-paragraph\">&#8216;Una vez que esto se extienda por toda la econom\u00eda, si se prolonga lo suficiente, podr\u00eda dar lugar a demandas de personas que reclaman que se pague a unos antes que a otros, y ni siquiera sabemos que esto sea operativamente posible&#8217;, asever\u00f3.<\/p>\n\n\n\n<p class=\"wp-block-paragraph\">El Senado tiene previsto votar el lunes 27 un proyecto de ley aprobado por la C\u00e1mara de Representantes que elevar\u00eda el l\u00edmite de la deuda y extender\u00eda la financiaci\u00f3n del gobierno federal m\u00e1s all\u00e1 del 30 de septiembre.<\/p>\n\n\n\n<p class=\"wp-block-paragraph\">No obstante, puntualiz\u00f3 The Hill, se espera que el proyecto de ley se estanque debido a la oposici\u00f3n de los rojos que prometieron objetar cualquier iniciativa de ley para el pago del d\u00e9bito que ambos partidos acumularon.<\/p>\n\n\n\n<p class=\"has-text-align-right wp-block-paragraph\"><em>PL<\/em><\/p>\n","protected":false},"excerpt":{"rendered":"<p>WASHINGTON, EEUU.- El Centro de Pol\u00edtica Bipartidista (BPC) en Estados Unidos alert\u00f3 hoy que si el pa\u00eds incumple con el pago de la deuda podr\u00eda causar da\u00f1os catastr\u00f3ficos. En un informe en el diario The Hill, el BPC pronostic\u00f3 que los estadounidenses est\u00e1n en camino de vulnerar la deuda nacional en alg\u00fan momento entre el [&hellip;]<\/p>\n","protected":false},"author":1,"featured_media":0,"comment_status":"open","ping_status":"open","sticky":false,"template":"","format":"standard","meta":{"_bbp_topic_count":0,"_bbp_reply_count":0,"_bbp_total_topic_count":0,"_bbp_total_reply_count":0,"_bbp_voice_count":0,"_bbp_anonymous_reply_count":0,"_bbp_topic_count_hidden":0,"_bbp_reply_count_hidden":0,"_bbp_forum_subforum_count":0,"footnotes":""},"categories":[35,60],"tags":[],"class_list":["post-351596","post","type-post","status-publish","format-standard","category-economia","category-titulares-del-dia"],"_links":{"self":[{"href":"https:\/\/primermomento.com\/index.php?rest_route=\/wp\/v2\/posts\/351596","targetHints":{"allow":["GET"]}}],"collection":[{"href":"https:\/\/primermomento.com\/index.php?rest_route=\/wp\/v2\/posts"}],"about":[{"href":"https:\/\/primermomento.com\/index.php?rest_route=\/wp\/v2\/types\/post"}],"author":[{"embeddable":true,"href":"https:\/\/primermomento.com\/index.php?rest_route=\/wp\/v2\/users\/1"}],"replies":[{"embeddable":true,"href":"https:\/\/primermomento.com\/index.php?rest_route=%2Fwp%2Fv2%2Fcomments&post=351596"}],"version-history":[{"count":1,"href":"https:\/\/primermomento.com\/index.php?rest_route=\/wp\/v2\/posts\/351596\/revisions"}],"predecessor-version":[{"id":351597,"href":"https:\/\/primermomento.com\/index.php?rest_route=\/wp\/v2\/posts\/351596\/revisions\/351597"}],"wp:attachment":[{"href":"https:\/\/primermomento.com\/index.php?rest_route=%2Fwp%2Fv2%2Fmedia&parent=351596"}],"wp:term":[{"taxonomy":"category","embeddable":true,"href":"https:\/\/primermomento.com\/index.php?rest_route=%2Fwp%2Fv2%2Fcategories&post=351596"},{"taxonomy":"post_tag","embeddable":true,"href":"https:\/\/primermomento.com\/index.php?rest_route=%2Fwp%2Fv2%2Ftags&post=351596"}],"curies":[{"name":"wp","href":"https:\/\/api.w.org\/{rel}","templated":true}]}}