{"id":351704,"date":"2021-09-27T17:35:40","date_gmt":"2021-09-27T21:35:40","guid":{"rendered":"http:\/\/primermomento.com\/?p=351704"},"modified":"2021-09-27T18:30:56","modified_gmt":"2021-09-27T22:30:56","slug":"biden-ve-pocas-posibilidades-de-avances-en-su-agenda-economica","status":"publish","type":"post","link":"https:\/\/primermomento.com\/?p=351704","title":{"rendered":"Biden ve pocas posibilidades de avances en su agenda econ\u00f3mica"},"content":{"rendered":"\n<p class=\"wp-block-paragraph\">WASHINGTON, EEUU.- El presidente estadounidense, Joe Biden, reconoci\u00f3 hoy que probablemente el Congreso no logre aprobar esta semana un acuerdo para evitar el cierre del gobierno ni tampoco grandes avances en proyectos econ\u00f3micos de inter\u00e9s del ejecutivo.<\/p>\n\n\n\n<div class=\"wp-block-image\"><figure class=\"aligncenter size-large\"><img loading=\"lazy\" decoding=\"async\" width=\"420\" height=\"269\" src=\"http:\/\/primermomento.com\/wp-content\/uploads\/2021\/09\/Biden-y-tercera-vacuna.jpg\" alt=\"\" class=\"wp-image-351710\" srcset=\"https:\/\/primermomento.com\/wp-content\/uploads\/2021\/09\/Biden-y-tercera-vacuna.jpg 420w, https:\/\/primermomento.com\/wp-content\/uploads\/2021\/09\/Biden-y-tercera-vacuna-300x192.jpg 300w, https:\/\/primermomento.com\/wp-content\/uploads\/2021\/09\/Biden-y-tercera-vacuna-280x179.jpg 280w, https:\/\/primermomento.com\/wp-content\/uploads\/2021\/09\/Biden-y-tercera-vacuna-118x76.jpg 118w\" sizes=\"auto, (max-width: 420px) 100vw, 420px\" \/><\/figure><\/div>\n\n\n\n<p class=\"wp-block-paragraph\">As\u00ed lo advirti\u00f3 el mandatario en declaraciones a la prensa este lunes, luego de recibir una dosis de refuerzo de la vacuna Pfizer contra la Covid-19.<\/p>\n\n\n\n<p class=\"wp-block-paragraph\">La Casa Blanca y los legisladores dem\u00f3cratas pretenden aprobar una medida de financiamiento del gobierno que incluya un aumento del techo de la deuda antes de finalizar el actual a\u00f1o fiscal el venidero jueves 30 de septiembre.<\/p>\n\n\n\n<p class=\"wp-block-paragraph\">Si bien la C\u00e1mara de Representantes aprob\u00f3 una ley la semana pasada para suspender el l\u00edmite de la deuda hasta 2022 y facilitar fondos al gobierno hasta el 3 de diciembre, es poco probable que el texto alcance los 60 votos necesarios para avanzar en el Senado en medio de la oposici\u00f3n republicana, advierte el diario The Hill.<\/p>\n\n\n\n<p class=\"wp-block-paragraph\">Tambi\u00e9n para el jueves se espera que la C\u00e1mara Baja vote el proyecto de ley bipartidista de infraestructura, el cual incluye prioridades econ\u00f3micas de Biden, como la atenci\u00f3n m\u00e9dica e inversiones para mitigar el impacto del cambio clim\u00e1tico.<\/p>\n\n\n\n<p class=\"wp-block-paragraph\">Medios de prensa coinciden en que esta semana es crucial para la agenda econ\u00f3mica del gobernante y aunque \u00e9l asegur\u00f3 sentirse optimista, miembros de la l\u00ednea progresista de su propio partido est\u00e1n entre los que podr\u00edan bloquear sus intereses en el legislativo.<\/p>\n\n\n\n<p class=\"has-text-align-right wp-block-paragraph\"><em>PL<\/em><\/p>\n","protected":false},"excerpt":{"rendered":"<p>WASHINGTON, EEUU.- El presidente estadounidense, Joe Biden, reconoci\u00f3 hoy que probablemente el Congreso no logre aprobar esta semana un acuerdo para evitar el cierre del gobierno ni tampoco grandes avances en proyectos econ\u00f3micos de inter\u00e9s del ejecutivo. As\u00ed lo advirti\u00f3 el mandatario en declaraciones a la prensa este lunes, luego de recibir una dosis de [&hellip;]<\/p>\n","protected":false},"author":1,"featured_media":0,"comment_status":"open","ping_status":"open","sticky":false,"template":"","format":"standard","meta":{"_bbp_topic_count":0,"_bbp_reply_count":0,"_bbp_total_topic_count":0,"_bbp_total_reply_count":0,"_bbp_voice_count":0,"_bbp_anonymous_reply_count":0,"_bbp_topic_count_hidden":0,"_bbp_reply_count_hidden":0,"_bbp_forum_subforum_count":0,"footnotes":""},"categories":[35,60],"tags":[],"class_list":["post-351704","post","type-post","status-publish","format-standard","category-economia","category-titulares-del-dia"],"_links":{"self":[{"href":"https:\/\/primermomento.com\/index.php?rest_route=\/wp\/v2\/posts\/351704","targetHints":{"allow":["GET"]}}],"collection":[{"href":"https:\/\/primermomento.com\/index.php?rest_route=\/wp\/v2\/posts"}],"about":[{"href":"https:\/\/primermomento.com\/index.php?rest_route=\/wp\/v2\/types\/post"}],"author":[{"embeddable":true,"href":"https:\/\/primermomento.com\/index.php?rest_route=\/wp\/v2\/users\/1"}],"replies":[{"embeddable":true,"href":"https:\/\/primermomento.com\/index.php?rest_route=%2Fwp%2Fv2%2Fcomments&post=351704"}],"version-history":[{"count":2,"href":"https:\/\/primermomento.com\/index.php?rest_route=\/wp\/v2\/posts\/351704\/revisions"}],"predecessor-version":[{"id":351711,"href":"https:\/\/primermomento.com\/index.php?rest_route=\/wp\/v2\/posts\/351704\/revisions\/351711"}],"wp:attachment":[{"href":"https:\/\/primermomento.com\/index.php?rest_route=%2Fwp%2Fv2%2Fmedia&parent=351704"}],"wp:term":[{"taxonomy":"category","embeddable":true,"href":"https:\/\/primermomento.com\/index.php?rest_route=%2Fwp%2Fv2%2Fcategories&post=351704"},{"taxonomy":"post_tag","embeddable":true,"href":"https:\/\/primermomento.com\/index.php?rest_route=%2Fwp%2Fv2%2Ftags&post=351704"}],"curies":[{"name":"wp","href":"https:\/\/api.w.org\/{rel}","templated":true}]}}