{"id":351777,"date":"2021-09-29T05:36:00","date_gmt":"2021-09-29T09:36:00","guid":{"rendered":"http:\/\/primermomento.com\/?p=351777"},"modified":"2021-09-29T07:42:53","modified_gmt":"2021-09-29T11:42:53","slug":"cantantes-dominicanos-celebran-nominacion-a-grammy-latinos","status":"publish","type":"post","link":"https:\/\/primermomento.com\/?p=351777","title":{"rendered":"Cantantes dominicanos celebran nominaci\u00f3n a Grammy Latinos"},"content":{"rendered":"\n<p class=\"wp-block-paragraph\">SANTO DOMINGO, Rep\u00fablica Dominicana.- Los cantantes dominicanos nominados a la edici\u00f3n 22 de los Grammy Latinos que se entregar\u00e1n el 18 de noviembre en Las Vegas, Estados Unidos, festejaron sus designaciones.<\/p>\n\n\n\n<div class=\"wp-block-image\"><figure class=\"aligncenter size-large\"><img loading=\"lazy\" decoding=\"async\" width=\"461\" height=\"421\" src=\"http:\/\/primermomento.com\/wp-content\/uploads\/2021\/09\/dominicanos-nominados-al-Grammy1.jpg\" alt=\"\" class=\"wp-image-351778\" srcset=\"https:\/\/primermomento.com\/wp-content\/uploads\/2021\/09\/dominicanos-nominados-al-Grammy1.jpg 461w, https:\/\/primermomento.com\/wp-content\/uploads\/2021\/09\/dominicanos-nominados-al-Grammy1-300x274.jpg 300w, https:\/\/primermomento.com\/wp-content\/uploads\/2021\/09\/dominicanos-nominados-al-Grammy1-241x220.jpg 241w, https:\/\/primermomento.com\/wp-content\/uploads\/2021\/09\/dominicanos-nominados-al-Grammy1-118x108.jpg 118w\" sizes=\"auto, (max-width: 461px) 100vw, 461px\" \/><\/figure><\/div>\n\n\n\n<p class=\"wp-block-paragraph\">A trav\u00e9s de las redes sociales, Juan Luis Guerra expres\u00f3: &#8216;Gracias a la Academia del Latin Grammy por estas nominaciones que recibimos con alegr\u00eda! \u00e1Felicidades a todos los nominados!&#8217;.<\/p>\n\n\n\n<p class=\"wp-block-paragraph\">El afamado artista figura en las categor\u00edas de grabaci\u00f3n del a\u00f1o, \u00e1lbum del a\u00f1o, mejor \u00e1lbum pop tradicional con Priv\u00e9, mejor canci\u00f3n tropical con Pambiche de novia, mejores arreglos por Ojal\u00e1 que llueva caf\u00e9 y mejor video musical versi\u00f3n larga por Entre mar y palmeras.<\/p>\n\n\n\n<p class=\"wp-block-paragraph\">Tambi\u00e9n entraron a la codiciada lista de la m\u00fasica latina, Bachata Queen, de Alexandra; Love Dance Merengue, Manny Cruz; El pap\u00e1 de la bachata, su legado (A\u00f1o\u00f1ado I, II, III, IV), Luis Segura; &#8216;Es merengue, \u00bfalg\u00fan problema?&#8217;, Sergio Vargas e &#8216;Insensatez&#8217;, Fernando Villalona.<\/p>\n\n\n\n<p class=\"wp-block-paragraph\">Asimismo, Rita Indiana logr\u00f3 entrar en la categor\u00eda Mejor nueva artista y Covi Quintana, fue nominada como mejor \u00e1lbum cantautor.<\/p>\n\n\n\n<p class=\"wp-block-paragraph\">Los premios Grammy reconocen lo mejor de la industria musical en Estados Unidos, tambi\u00e9n distinguen a artistas de notable trayectoria y producciones discogr\u00e1ficas de indiscutible calidad de otros pa\u00edses.<\/p>\n\n\n\n<p class=\"wp-block-paragraph\">En la pasada edici\u00f3n del certamen, la cantante Beyonc\u00e9 sum\u00f3 cuatro lauros m\u00e1s a su carrera, y pas\u00f3 a ser la int\u00e9rprete femenina con m\u00e1s galardones ganados en la historia de la ceremonia, 28 en total.<\/p>\n\n\n\n<p class=\"has-text-align-right wp-block-paragraph\"><em>PL<\/em><\/p>\n","protected":false},"excerpt":{"rendered":"<p>SANTO DOMINGO, Rep\u00fablica Dominicana.- Los cantantes dominicanos nominados a la edici\u00f3n 22 de los Grammy Latinos que se entregar\u00e1n el 18 de noviembre en Las Vegas, Estados Unidos, festejaron sus designaciones. A trav\u00e9s de las redes sociales, Juan Luis Guerra expres\u00f3: &#8216;Gracias a la Academia del Latin Grammy por estas nominaciones que recibimos con alegr\u00eda! [&hellip;]<\/p>\n","protected":false},"author":1,"featured_media":0,"comment_status":"open","ping_status":"open","sticky":false,"template":"","format":"standard","meta":{"_bbp_topic_count":0,"_bbp_reply_count":0,"_bbp_total_topic_count":0,"_bbp_total_reply_count":0,"_bbp_voice_count":0,"_bbp_anonymous_reply_count":0,"_bbp_topic_count_hidden":0,"_bbp_reply_count_hidden":0,"_bbp_forum_subforum_count":0,"footnotes":""},"categories":[39,60],"tags":[],"class_list":["post-351777","post","type-post","status-publish","format-standard","category-entretenimiento","category-titulares-del-dia"],"_links":{"self":[{"href":"https:\/\/primermomento.com\/index.php?rest_route=\/wp\/v2\/posts\/351777","targetHints":{"allow":["GET"]}}],"collection":[{"href":"https:\/\/primermomento.com\/index.php?rest_route=\/wp\/v2\/posts"}],"about":[{"href":"https:\/\/primermomento.com\/index.php?rest_route=\/wp\/v2\/types\/post"}],"author":[{"embeddable":true,"href":"https:\/\/primermomento.com\/index.php?rest_route=\/wp\/v2\/users\/1"}],"replies":[{"embeddable":true,"href":"https:\/\/primermomento.com\/index.php?rest_route=%2Fwp%2Fv2%2Fcomments&post=351777"}],"version-history":[{"count":1,"href":"https:\/\/primermomento.com\/index.php?rest_route=\/wp\/v2\/posts\/351777\/revisions"}],"predecessor-version":[{"id":351779,"href":"https:\/\/primermomento.com\/index.php?rest_route=\/wp\/v2\/posts\/351777\/revisions\/351779"}],"wp:attachment":[{"href":"https:\/\/primermomento.com\/index.php?rest_route=%2Fwp%2Fv2%2Fmedia&parent=351777"}],"wp:term":[{"taxonomy":"category","embeddable":true,"href":"https:\/\/primermomento.com\/index.php?rest_route=%2Fwp%2Fv2%2Fcategories&post=351777"},{"taxonomy":"post_tag","embeddable":true,"href":"https:\/\/primermomento.com\/index.php?rest_route=%2Fwp%2Fv2%2Ftags&post=351777"}],"curies":[{"name":"wp","href":"https:\/\/api.w.org\/{rel}","templated":true}]}}