{"id":351793,"date":"2021-09-29T07:01:00","date_gmt":"2021-09-29T11:01:00","guid":{"rendered":"http:\/\/primermomento.com\/?p=351793"},"modified":"2021-09-29T08:04:40","modified_gmt":"2021-09-29T12:04:40","slug":"biden-cancela-visita-a-chicago-para-centrarse-en-agenda-economica","status":"publish","type":"post","link":"https:\/\/primermomento.com\/?p=351793","title":{"rendered":"Biden cancela visita a Chicago para centrarse en agenda econ\u00f3mica"},"content":{"rendered":"\n<p class=\"wp-block-paragraph\">WASHINGTON, EEUU.- El presidente estadounidense, Joe Biden, cancel\u00f3 un viaje a Chicago este mi\u00e9rcoles con el objetivo de permanecer hoy en esta capital mientras dem\u00f3cratas y republicanos negocian cuestiones cruciales de la agenda econ\u00f3mica del pa\u00eds.<\/p>\n\n\n\n<div class=\"wp-block-image\"><figure class=\"aligncenter size-large\"><img loading=\"lazy\" decoding=\"async\" width=\"600\" height=\"400\" src=\"http:\/\/primermomento.com\/wp-content\/uploads\/2021\/09\/Biden-economia.jpg\" alt=\"\" class=\"wp-image-351794\" srcset=\"https:\/\/primermomento.com\/wp-content\/uploads\/2021\/09\/Biden-economia.jpg 600w, https:\/\/primermomento.com\/wp-content\/uploads\/2021\/09\/Biden-economia-300x200.jpg 300w, https:\/\/primermomento.com\/wp-content\/uploads\/2021\/09\/Biden-economia-73x50.jpg 73w, https:\/\/primermomento.com\/wp-content\/uploads\/2021\/09\/Biden-economia-500x333.jpg 500w, https:\/\/primermomento.com\/wp-content\/uploads\/2021\/09\/Biden-economia-280x187.jpg 280w, https:\/\/primermomento.com\/wp-content\/uploads\/2021\/09\/Biden-economia-60x40.jpg 60w, https:\/\/primermomento.com\/wp-content\/uploads\/2021\/09\/Biden-economia-118x79.jpg 118w, https:\/\/primermomento.com\/wp-content\/uploads\/2021\/09\/Biden-economia-479x319.jpg 479w\" sizes=\"auto, (max-width: 600px) 100vw, 600px\" \/><\/figure><\/div>\n\n\n\n<p class=\"wp-block-paragraph\">El mandatario ten\u00eda programado visitar una empresa en una de las mayores ciudades del estado Illinois para desde all\u00ed promover mandatos de vacunaci\u00f3n contra la Covid-19 por parte de compa\u00f1\u00edas privadas, seg\u00fan inform\u00f3 inicialmente la Casa Blanca.<\/p>\n\n\n\n<p class=\"wp-block-paragraph\">Biden descart\u00f3 sus planes la v\u00edspera, luego de las reuniones con los senadores dem\u00f3cratas Joe Manchin y Kyrsten Sinema, quienes negocian con sus colegas la aprobaci\u00f3n de dos proyectos de inter\u00e9s del gobernante: el plan bipartidista de infraestructura valorado en m\u00e1s de un bill\u00f3n de d\u00f3lares y el de inversiones sociales de 3,5 billones.<\/p>\n\n\n\n<p class=\"wp-block-paragraph\">Para la Casa Blanca ambas iniciativas, que deben ser votadas esta semana en el Congreso, son prioritarias en aras de impulsar la econom\u00eda, crear empleos y mitigar el impacto del cambio clim\u00e1tico.<\/p>\n\n\n\n<p class=\"wp-block-paragraph\">A eso se suman las discusiones en el Senado para evitar evitar un incumplimiento crediticio y el posible cierre del gobierno a partir del pr\u00f3ximo viernes.<\/p>\n\n\n\n<p class=\"wp-block-paragraph\">Los republicanos ya bloquearon en los \u00faltimos d\u00edas dos intentos por aprobar una propuesta que inclu\u00eda una extensi\u00f3n del l\u00edmite de la deuda para ampliar el financiamiento del ejecutivo e impedir un impago de los compromisos fiscales.<\/p>\n\n\n\n<p class=\"wp-block-paragraph\">La decisi\u00f3n de permanecer en Washington es una se\u00f1al de cu\u00e1n cr\u00edticos ser\u00e1n los pr\u00f3ximos dos d\u00edas para determinar el destino de las piezas centrales de la agenda legislativa de Biden y el papel del presidente en esas negociaciones, precis\u00f3 la cadena CNN.<\/p>\n\n\n\n<p class=\"has-text-align-right wp-block-paragraph\"><em>PL<\/em><\/p>\n","protected":false},"excerpt":{"rendered":"<p>WASHINGTON, EEUU.- El presidente estadounidense, Joe Biden, cancel\u00f3 un viaje a Chicago este mi\u00e9rcoles con el objetivo de permanecer hoy en esta capital mientras dem\u00f3cratas y republicanos negocian cuestiones cruciales de la agenda econ\u00f3mica del pa\u00eds. El mandatario ten\u00eda programado visitar una empresa en una de las mayores ciudades del estado Illinois para desde all\u00ed [&hellip;]<\/p>\n","protected":false},"author":1,"featured_media":0,"comment_status":"open","ping_status":"open","sticky":false,"template":"","format":"standard","meta":{"_bbp_topic_count":0,"_bbp_reply_count":0,"_bbp_total_topic_count":0,"_bbp_total_reply_count":0,"_bbp_voice_count":0,"_bbp_anonymous_reply_count":0,"_bbp_topic_count_hidden":0,"_bbp_reply_count_hidden":0,"_bbp_forum_subforum_count":0,"footnotes":""},"categories":[35,60],"tags":[],"class_list":["post-351793","post","type-post","status-publish","format-standard","category-economia","category-titulares-del-dia"],"_links":{"self":[{"href":"https:\/\/primermomento.com\/index.php?rest_route=\/wp\/v2\/posts\/351793","targetHints":{"allow":["GET"]}}],"collection":[{"href":"https:\/\/primermomento.com\/index.php?rest_route=\/wp\/v2\/posts"}],"about":[{"href":"https:\/\/primermomento.com\/index.php?rest_route=\/wp\/v2\/types\/post"}],"author":[{"embeddable":true,"href":"https:\/\/primermomento.com\/index.php?rest_route=\/wp\/v2\/users\/1"}],"replies":[{"embeddable":true,"href":"https:\/\/primermomento.com\/index.php?rest_route=%2Fwp%2Fv2%2Fcomments&post=351793"}],"version-history":[{"count":1,"href":"https:\/\/primermomento.com\/index.php?rest_route=\/wp\/v2\/posts\/351793\/revisions"}],"predecessor-version":[{"id":351795,"href":"https:\/\/primermomento.com\/index.php?rest_route=\/wp\/v2\/posts\/351793\/revisions\/351795"}],"wp:attachment":[{"href":"https:\/\/primermomento.com\/index.php?rest_route=%2Fwp%2Fv2%2Fmedia&parent=351793"}],"wp:term":[{"taxonomy":"category","embeddable":true,"href":"https:\/\/primermomento.com\/index.php?rest_route=%2Fwp%2Fv2%2Fcategories&post=351793"},{"taxonomy":"post_tag","embeddable":true,"href":"https:\/\/primermomento.com\/index.php?rest_route=%2Fwp%2Fv2%2Ftags&post=351793"}],"curies":[{"name":"wp","href":"https:\/\/api.w.org\/{rel}","templated":true}]}}