{"id":351862,"date":"2021-09-30T08:09:00","date_gmt":"2021-09-30T12:09:00","guid":{"rendered":"http:\/\/primermomento.com\/?p=351862"},"modified":"2021-09-30T15:09:26","modified_gmt":"2021-09-30T19:09:26","slug":"comisionada-de-cultura-de-ny-afirma-feria-del-libro-ira-en-grande","status":"publish","type":"post","link":"https:\/\/primermomento.com\/?p=351862","title":{"rendered":"Comisionada de Cultura de NY afirma Feria del Libro ir\u00e1 en grande"},"content":{"rendered":"\n<p class=\"wp-block-paragraph\">NUEVA YORK, EEUU.- La Comisionada de Cultura en Estados Unidos, Lourdes Batista, manifest\u00f3 que la \u201cFeria del Libro 2021\u201d ir\u00e1 en grande y con nuevas novedades los d\u00edas 15, 16 y 17 en la escuela George Washington, en el alto Manhattan.<\/p>\n\n\n\n<div class=\"wp-block-image\"><figure class=\"aligncenter size-large\"><img loading=\"lazy\" decoding=\"async\" width=\"830\" height=\"574\" src=\"http:\/\/primermomento.com\/wp-content\/uploads\/2021\/09\/Comisionada-Cultura-NY-afirma-Feria-del-Libro-ira-en-grande.jpg\" alt=\"\" class=\"wp-image-351863\" srcset=\"https:\/\/primermomento.com\/wp-content\/uploads\/2021\/09\/Comisionada-Cultura-NY-afirma-Feria-del-Libro-ira-en-grande.jpg 830w, https:\/\/primermomento.com\/wp-content\/uploads\/2021\/09\/Comisionada-Cultura-NY-afirma-Feria-del-Libro-ira-en-grande-300x207.jpg 300w, https:\/\/primermomento.com\/wp-content\/uploads\/2021\/09\/Comisionada-Cultura-NY-afirma-Feria-del-Libro-ira-en-grande-768x531.jpg 768w, https:\/\/primermomento.com\/wp-content\/uploads\/2021\/09\/Comisionada-Cultura-NY-afirma-Feria-del-Libro-ira-en-grande-73x50.jpg 73w, https:\/\/primermomento.com\/wp-content\/uploads\/2021\/09\/Comisionada-Cultura-NY-afirma-Feria-del-Libro-ira-en-grande-110x77.jpg 110w, https:\/\/primermomento.com\/wp-content\/uploads\/2021\/09\/Comisionada-Cultura-NY-afirma-Feria-del-Libro-ira-en-grande-500x346.jpg 500w, https:\/\/primermomento.com\/wp-content\/uploads\/2021\/09\/Comisionada-Cultura-NY-afirma-Feria-del-Libro-ira-en-grande-280x194.jpg 280w, https:\/\/primermomento.com\/wp-content\/uploads\/2021\/09\/Comisionada-Cultura-NY-afirma-Feria-del-Libro-ira-en-grande-60x40.jpg 60w, https:\/\/primermomento.com\/wp-content\/uploads\/2021\/09\/Comisionada-Cultura-NY-afirma-Feria-del-Libro-ira-en-grande-638x441.jpg 638w, https:\/\/primermomento.com\/wp-content\/uploads\/2021\/09\/Comisionada-Cultura-NY-afirma-Feria-del-Libro-ira-en-grande-118x82.jpg 118w, https:\/\/primermomento.com\/wp-content\/uploads\/2021\/09\/Comisionada-Cultura-NY-afirma-Feria-del-Libro-ira-en-grande-479x331.jpg 479w\" sizes=\"auto, (max-width: 830px) 100vw, 830px\" \/><\/figure><\/div>\n\n\n\n<p class=\"wp-block-paragraph\">Asimismo, la cena gala se efectuar\u00e1 el 14 de octubre en el mismo lugar se\u00f1alado. As\u00ed lo reiter\u00f3 Batista durante una rueda de prensa en el local del restaurant 809 en la calle Dyckman, del sector de Inwood en el Alto Manhattan, para tambi\u00e9n responder por el cierre del Comisionado por parte de las autoridades de la ciudad al presentar algunas violaciones.<\/p>\n\n\n\n<p class=\"wp-block-paragraph\">Record\u00f3 que la \u201cFeria\u201d est\u00e1 dedicada al escritor dominicano y profesor universitario en Estados Unidos, Silvio Torres Saillant, y asistir\u00e1n la ministra de cultura, la rectora de la UASD y el ministro de Educaci\u00f3n Superior, entre otros altos funcionarios del Gobierno que han confirmado asistir.<\/p>\n\n\n\n<p class=\"wp-block-paragraph\">Al referirse al cierre, Batista expres\u00f3 \u201cqueremos significar que el Comisionado de Cultura no es un edificio, sino todos los que estamos aqu\u00ed, porque es la expresi\u00f3n de la comunidad dominicana, el amor por nuestras ra\u00edces, identidad y por esa bandera tricolor que est\u00e1 aqu\u00ed acompa\u00f1\u00e1ndonos\u201d, explic\u00f3.<\/p>\n\n\n\n<p class=\"wp-block-paragraph\">\u201cLlegamos al Comisionado el 3 de septiembre del a\u00f1o pasado y lo \u00fanico que hicimos en la estructura fue remozar el lugar y las personas que han ido all\u00e1, incluyendo a la prensa, pueden ver que nosotros no alteramos nada ah\u00ed, pintamos y cambiar una alfombra deteriorada por un piso de madera, por lo que el lugar est\u00e1 como lo recibimos\u201d, afirm\u00f3.<\/p>\n\n\n\n<p class=\"wp-block-paragraph\">\u201cEstamos haciendo lo correcto y recibiendo el apoyo del congresista Adriano Espaillat, el doctor Rafael Lantigua, el senador estatal Robert Jackson, los asamble\u00edstas Carmen de la Rosa y Al Taylor, y el concejal Ydanis Rodr\u00edguez, que nos acompa\u00f1a, e hizo un llamado para apoyar a Batista.<\/p>\n\n\n\n<p class=\"wp-block-paragraph\">Ellos se mantienen en comunicaci\u00f3n con el se\u00f1or Roberto P\u00e9rez, encargado de la Oficina Latina de la alcald\u00eda de NYC\u201d, a\u00f1adi\u00f3.<\/p>\n\n\n\n<p class=\"wp-block-paragraph\">Present\u00f3 el reporte de las autoridades en el que se especifican las violaciones, y el arquitecto Jos\u00e9 D\u00edaz a cargo de darle seguimiento al caso antes las autoridades, indic\u00f3 que lo principal de todo es un certificado de operaci\u00f3n, que es requerido cuando el local re\u00fane m\u00e1s de 200 personas.<\/p>\n\n\n\n<p class=\"wp-block-paragraph\">Ese certificado requiere que el edificio tenga el sistema de agua para fuego, de alarma de fuego y accesibilidad para escalera o elevador, entre otras, dijo.<\/p>\n\n\n\n<p class=\"wp-block-paragraph\">Adem\u00e1s de Batista, hablaron Javier Fuentes, director de la Feria, el arquitecto D\u00edaz, y el pastor Jenner Puentes quien dirige la Iglesia que funciona en el edificio y tambi\u00e9n fue cerrada.<\/p>\n\n\n\n<p class=\"wp-block-paragraph\">El pasado viernes inspectores del Departamento de Edificios de la Ciudad fueron al inmueble 541 W. de la calle 145, en el Alto Manhattan, donde funciona el Comisionado y la Iglesia Pentecostal Unida Latinoamericana &#8211; IPUL USA, cerrando ambas entidades por m\u00faltiples violaciones al c\u00f3digo municipal de viviendas y edificios.<\/p>\n\n\n\n<p class=\"has-text-align-right wp-block-paragraph\"><em>Ram\u00f3n Mercedes<\/em><\/p>\n","protected":false},"excerpt":{"rendered":"<p>NUEVA YORK, EEUU.- La Comisionada de Cultura en Estados Unidos, Lourdes Batista, manifest\u00f3 que la \u201cFeria del Libro 2021\u201d ir\u00e1 en grande y con nuevas novedades los d\u00edas 15, 16 y 17 en la escuela George Washington, en el alto Manhattan. Asimismo, la cena gala se efectuar\u00e1 el 14 de octubre en el mismo lugar [&hellip;]<\/p>\n","protected":false},"author":1,"featured_media":0,"comment_status":"open","ping_status":"open","sticky":false,"template":"","format":"standard","meta":{"_bbp_topic_count":0,"_bbp_reply_count":0,"_bbp_total_topic_count":0,"_bbp_total_reply_count":0,"_bbp_voice_count":0,"_bbp_anonymous_reply_count":0,"_bbp_topic_count_hidden":0,"_bbp_reply_count_hidden":0,"_bbp_forum_subforum_count":0,"footnotes":""},"categories":[39,60],"tags":[],"class_list":["post-351862","post","type-post","status-publish","format-standard","category-entretenimiento","category-titulares-del-dia"],"_links":{"self":[{"href":"https:\/\/primermomento.com\/index.php?rest_route=\/wp\/v2\/posts\/351862","targetHints":{"allow":["GET"]}}],"collection":[{"href":"https:\/\/primermomento.com\/index.php?rest_route=\/wp\/v2\/posts"}],"about":[{"href":"https:\/\/primermomento.com\/index.php?rest_route=\/wp\/v2\/types\/post"}],"author":[{"embeddable":true,"href":"https:\/\/primermomento.com\/index.php?rest_route=\/wp\/v2\/users\/1"}],"replies":[{"embeddable":true,"href":"https:\/\/primermomento.com\/index.php?rest_route=%2Fwp%2Fv2%2Fcomments&post=351862"}],"version-history":[{"count":1,"href":"https:\/\/primermomento.com\/index.php?rest_route=\/wp\/v2\/posts\/351862\/revisions"}],"predecessor-version":[{"id":351864,"href":"https:\/\/primermomento.com\/index.php?rest_route=\/wp\/v2\/posts\/351862\/revisions\/351864"}],"wp:attachment":[{"href":"https:\/\/primermomento.com\/index.php?rest_route=%2Fwp%2Fv2%2Fmedia&parent=351862"}],"wp:term":[{"taxonomy":"category","embeddable":true,"href":"https:\/\/primermomento.com\/index.php?rest_route=%2Fwp%2Fv2%2Fcategories&post=351862"},{"taxonomy":"post_tag","embeddable":true,"href":"https:\/\/primermomento.com\/index.php?rest_route=%2Fwp%2Fv2%2Ftags&post=351862"}],"curies":[{"name":"wp","href":"https:\/\/api.w.org\/{rel}","templated":true}]}}