{"id":351961,"date":"2021-10-01T15:08:00","date_gmt":"2021-10-01T19:08:00","guid":{"rendered":"http:\/\/primermomento.com\/?p=351961"},"modified":"2021-10-01T17:32:55","modified_gmt":"2021-10-01T21:32:55","slug":"abinader-revela-gobierno-subsidia-combustibles-por-monto-millonario","status":"publish","type":"post","link":"https:\/\/primermomento.com\/?p=351961","title":{"rendered":"Presidente Abinader dice apagones han sido una verg\u00fcenza"},"content":{"rendered":"\n<p class=\"wp-block-paragraph\">SAN FRANCISCO DE MACOR\u013aS, Rep\u00fablica Dominicana.- El presidente Luis&nbsp;Abinader&nbsp;inform\u00f3 este viernes que el Gobierno subsidiar\u00e1 esta semana todos los combustibles,&nbsp;por un monto de RD$500 millones,&nbsp;para evitar que las alzas lleguen a los consumidores, especialmente a la poblaci\u00f3n.<\/p>\n\n\n\n<div class=\"wp-block-image\"><figure class=\"aligncenter size-large\"><img loading=\"lazy\" decoding=\"async\" width=\"687\" height=\"387\" src=\"http:\/\/primermomento.com\/wp-content\/uploads\/2021\/10\/abinader-en-san-francisco1.jpg\" alt=\"\" class=\"wp-image-351962\" srcset=\"https:\/\/primermomento.com\/wp-content\/uploads\/2021\/10\/abinader-en-san-francisco1.jpg 687w, https:\/\/primermomento.com\/wp-content\/uploads\/2021\/10\/abinader-en-san-francisco1-300x169.jpg 300w, https:\/\/primermomento.com\/wp-content\/uploads\/2021\/10\/abinader-en-san-francisco1-478x270.jpg 478w, https:\/\/primermomento.com\/wp-content\/uploads\/2021\/10\/abinader-en-san-francisco1-500x282.jpg 500w, https:\/\/primermomento.com\/wp-content\/uploads\/2021\/10\/abinader-en-san-francisco1-280x158.jpg 280w, https:\/\/primermomento.com\/wp-content\/uploads\/2021\/10\/abinader-en-san-francisco1-638x359.jpg 638w, https:\/\/primermomento.com\/wp-content\/uploads\/2021\/10\/abinader-en-san-francisco1-118x66.jpg 118w, https:\/\/primermomento.com\/wp-content\/uploads\/2021\/10\/abinader-en-san-francisco1-479x270.jpg 479w\" sizes=\"auto, (max-width: 687px) 100vw, 687px\" \/><\/figure><\/div>\n\n\n\n<p class=\"wp-block-paragraph\">\u201cEstamos&nbsp;viviendo momentos dif\u00edciles internacionalmente en una tormenta econ\u00f3mica provocada por el COVID-19 y que realmente tiene acciones sin precedentes en t\u00e9rminos econ\u00f3micos\u201d, expres\u00f3 el mandatario.<\/p>\n\n\n\n<p class=\"wp-block-paragraph\">Mientras&nbsp;participaba&nbsp;en la inauguraci\u00f3n de la planta&nbsp;procesadora de&nbsp;cacao CONACADO Industrial,&nbsp;Abinader&nbsp;dijo que ayer, en la reuni\u00f3n semanal con el ministro de Industria y&nbsp;Comercio, &nbsp;V\u00edctor&nbsp;\u2013Ito- Bison\u00f3, aprobaron el subsidio de RD$500 millones.Tambi\u00e9n inform\u00f3&nbsp;que el promedio semanal&nbsp;subsidiado supera los RD$400 millones.<\/p>\n\n\n\n<p class=\"wp-block-paragraph\"><strong>Apagones han sido verg\u00fcenza por a\u00f1os<\/strong><\/p>\n\n\n\n<p class=\"wp-block-paragraph\">En el acto, el gobernante tambi\u00e9n afirm\u00f3 que han logrado estabilizar la energ\u00eda el\u00e9ctrica en los \u00faltimos d\u00edas.&nbsp;Sin embargo, aclar\u00f3 que en el pa\u00eds no hay&nbsp;holgura en la&nbsp;generaci\u00f3n de energ\u00eda porque no hubo la previsi\u00f3n en los a\u00f1os anteriores.<\/p>\n\n\n\n<p class=\"wp-block-paragraph\">Abinader&nbsp;puso como ejemplo que el lunes pasado&nbsp;a nivel nacional&nbsp;se registr\u00f3&nbsp;una demanda r\u00e9cord de energ\u00eda de 3,150 megas.<\/p>\n\n\n\n<p class=\"wp-block-paragraph\">Por esa raz\u00f3n, agreg\u00f3 el jefe de Estado, al llegar al Gobierno iniciaron&nbsp;los tr\u00e1mites para licitar&nbsp;800 megas, ya en proceso, y se espera&nbsp;que la licitaci\u00f3n&nbsp;sea adjudicada a final de este a\u00f1o.<\/p>\n\n\n\n<p class=\"wp-block-paragraph\">Asimismo, revel\u00f3 que la pr\u00f3xima semana firmar\u00e1n contratos de compras de energ\u00eda no renovable por alrededor de 600 megas,&nbsp;los cuales&nbsp;estar\u00edan disponibles&nbsp;en un tiempo entre&nbsp;12 y 18 meses.<\/p>\n\n\n\n<p class=\"wp-block-paragraph\">\u201cLos apagones son una verg\u00fcenza que hemos tenido durante muchos a\u00f1os. Nosotros estamos trabajando para eliminarlos\u201d, asegur\u00f3 el presidente.&nbsp;Para eliminar el d\u00e9ficit se est\u00e1 planificando a&nbsp;corto, mediano y largo plazo.<\/p>\n","protected":false},"excerpt":{"rendered":"<p>SAN FRANCISCO DE MACOR\u013aS, Rep\u00fablica Dominicana.- El presidente Luis&nbsp;Abinader&nbsp;inform\u00f3 este viernes que el Gobierno subsidiar\u00e1 esta semana todos los combustibles,&nbsp;por un monto de RD$500 millones,&nbsp;para evitar que las alzas lleguen a los consumidores, especialmente a la poblaci\u00f3n. \u201cEstamos&nbsp;viviendo momentos dif\u00edciles internacionalmente en una tormenta econ\u00f3mica provocada por el COVID-19 y que realmente tiene acciones sin [&hellip;]<\/p>\n","protected":false},"author":1,"featured_media":0,"comment_status":"open","ping_status":"open","sticky":false,"template":"","format":"standard","meta":{"_bbp_topic_count":0,"_bbp_reply_count":0,"_bbp_total_topic_count":0,"_bbp_total_reply_count":0,"_bbp_voice_count":0,"_bbp_anonymous_reply_count":0,"_bbp_topic_count_hidden":0,"_bbp_reply_count_hidden":0,"_bbp_forum_subforum_count":0,"footnotes":""},"categories":[35,60],"tags":[],"class_list":["post-351961","post","type-post","status-publish","format-standard","category-economia","category-titulares-del-dia"],"_links":{"self":[{"href":"https:\/\/primermomento.com\/index.php?rest_route=\/wp\/v2\/posts\/351961","targetHints":{"allow":["GET"]}}],"collection":[{"href":"https:\/\/primermomento.com\/index.php?rest_route=\/wp\/v2\/posts"}],"about":[{"href":"https:\/\/primermomento.com\/index.php?rest_route=\/wp\/v2\/types\/post"}],"author":[{"embeddable":true,"href":"https:\/\/primermomento.com\/index.php?rest_route=\/wp\/v2\/users\/1"}],"replies":[{"embeddable":true,"href":"https:\/\/primermomento.com\/index.php?rest_route=%2Fwp%2Fv2%2Fcomments&post=351961"}],"version-history":[{"count":2,"href":"https:\/\/primermomento.com\/index.php?rest_route=\/wp\/v2\/posts\/351961\/revisions"}],"predecessor-version":[{"id":351978,"href":"https:\/\/primermomento.com\/index.php?rest_route=\/wp\/v2\/posts\/351961\/revisions\/351978"}],"wp:attachment":[{"href":"https:\/\/primermomento.com\/index.php?rest_route=%2Fwp%2Fv2%2Fmedia&parent=351961"}],"wp:term":[{"taxonomy":"category","embeddable":true,"href":"https:\/\/primermomento.com\/index.php?rest_route=%2Fwp%2Fv2%2Fcategories&post=351961"},{"taxonomy":"post_tag","embeddable":true,"href":"https:\/\/primermomento.com\/index.php?rest_route=%2Fwp%2Fv2%2Ftags&post=351961"}],"curies":[{"name":"wp","href":"https:\/\/api.w.org\/{rel}","templated":true}]}}