{"id":352014,"date":"2021-10-02T11:37:00","date_gmt":"2021-10-02T15:37:00","guid":{"rendered":"http:\/\/primermomento.com\/?p=352014"},"modified":"2021-10-02T16:38:50","modified_gmt":"2021-10-02T20:38:50","slug":"altos-precios-del-gas-otro-golpe-a-economia-mundial","status":"publish","type":"post","link":"https:\/\/primermomento.com\/?p=352014","title":{"rendered":"Altos precios del gas, otro golpe a econom\u00eda mundial"},"content":{"rendered":"\n<p class=\"wp-block-paragraph\">WASHINGTON, EEUU.- La subida de los precios del gas, que amenaza con elevar las facturas de combustible, perjudicar el consumo y agravar un repunte de la inflaci\u00f3n es un nuevo golpe para una econom\u00eda mundial, afirmaron expertos financieros.<\/p>\n\n\n\n<div class=\"wp-block-image\"><figure class=\"aligncenter size-large\"><img loading=\"lazy\" decoding=\"async\" width=\"748\" height=\"498\" src=\"http:\/\/primermomento.com\/wp-content\/uploads\/2021\/10\/all-gass.jpg\" alt=\"\" class=\"wp-image-352015\" srcset=\"https:\/\/primermomento.com\/wp-content\/uploads\/2021\/10\/all-gass.jpg 748w, https:\/\/primermomento.com\/wp-content\/uploads\/2021\/10\/all-gass-300x200.jpg 300w, https:\/\/primermomento.com\/wp-content\/uploads\/2021\/10\/all-gass-73x50.jpg 73w, https:\/\/primermomento.com\/wp-content\/uploads\/2021\/10\/all-gass-500x333.jpg 500w, https:\/\/primermomento.com\/wp-content\/uploads\/2021\/10\/all-gass-280x186.jpg 280w, https:\/\/primermomento.com\/wp-content\/uploads\/2021\/10\/all-gass-60x40.jpg 60w, https:\/\/primermomento.com\/wp-content\/uploads\/2021\/10\/all-gass-638x425.jpg 638w, https:\/\/primermomento.com\/wp-content\/uploads\/2021\/10\/all-gass-118x79.jpg 118w, https:\/\/primermomento.com\/wp-content\/uploads\/2021\/10\/all-gass-479x319.jpg 479w\" sizes=\"auto, (max-width: 748px) 100vw, 748px\" \/><\/figure><\/div>\n\n\n\n<p class=\"wp-block-paragraph\">El caos del mercado del gas, que dispar\u00f3 las cotizaciones un 280 por ciento en Europa este a\u00f1o y provoc\u00f3 un alza de m\u00e1s del cien por ciento en Estados Unidos, se achaca a factores que van desde los bajos niveles de almacenamiento hasta los costos del carb\u00f3n, lo cual afecta el proceso de recuperaci\u00f3n del impacto de la Covid-19.<\/p>\n\n\n\n<p class=\"wp-block-paragraph\">Analistas de varias empresas de servicios financieros como CMC Markets, Morgan Stanley y Goldman Sachs opinan que es demasiado pronto para reducir las previsiones de crecimiento econ\u00f3mico, pero parece inevitable que la actividad se vea afectada.<\/p>\n\n\n\n<p class=\"wp-block-paragraph\">Sin embargo, en general, el aumento de los precios del gas eleva el riesgo de alta inflaci\u00f3n y bajo crecimiento.<\/p>\n\n\n\n<p class=\"wp-block-paragraph\">&#8216;Est\u00e1 bastante claro que hay una creciente sensaci\u00f3n de malestar sobre las perspectivas econ\u00f3micas, ya que un n\u00famero cada vez mayor de entidades enfrenta la perspectiva de un incremento de los costos&#8217;, dijo Michael Hewson, analista jefe de mercado de CMC Markets del Reino Unido.<\/p>\n\n\n\n<p class=\"wp-block-paragraph\">La estadounidense Morgan Stanley considera que el impacto en Estados Unidos, la mayor econom\u00eda del mundo, debe ser peque\u00f1o, aunque m\u00e1s de un tercio de su consumo de energ\u00eda en 2020 fue de gas natural, en usuarios predominantemente industriales.<\/p>\n\n\n\n<p class=\"wp-block-paragraph\">El encarecimiento de los alimentos es otro efecto secundario, dada la escasez de di\u00f3xido de carbono que se usa en los mataderos y para prolongar la vida \u00fatil de los alimentos, a lo que se suman recortes en la producci\u00f3n de fertilizantes como otro factor para elevar los precios de la comida.<\/p>\n\n\n\n<p class=\"wp-block-paragraph\">La banca de inversi\u00f3n Goldman Sachs, tambi\u00e9n de Estados Unidos, prev\u00e9 un aumento de la demanda por petr\u00f3leo, con un riesgo de incremento de cinco d\u00f3lares por barril respecto a la previsi\u00f3n del Brent para el cuarto trimestre de 2021, lo cual lo situar\u00eda en los 80 d\u00f3lares por barril. Ayer cerr\u00f3 en 79,28 d\u00f3lares.<\/p>\n\n\n\n<p class=\"has-text-align-right wp-block-paragraph\"><em>PL<\/em><\/p>\n","protected":false},"excerpt":{"rendered":"<p>WASHINGTON, EEUU.- La subida de los precios del gas, que amenaza con elevar las facturas de combustible, perjudicar el consumo y agravar un repunte de la inflaci\u00f3n es un nuevo golpe para una econom\u00eda mundial, afirmaron expertos financieros. El caos del mercado del gas, que dispar\u00f3 las cotizaciones un 280 por ciento en Europa este [&hellip;]<\/p>\n","protected":false},"author":1,"featured_media":0,"comment_status":"open","ping_status":"open","sticky":false,"template":"","format":"standard","meta":{"_bbp_topic_count":0,"_bbp_reply_count":0,"_bbp_total_topic_count":0,"_bbp_total_reply_count":0,"_bbp_voice_count":0,"_bbp_anonymous_reply_count":0,"_bbp_topic_count_hidden":0,"_bbp_reply_count_hidden":0,"_bbp_forum_subforum_count":0,"footnotes":""},"categories":[35,60],"tags":[],"class_list":["post-352014","post","type-post","status-publish","format-standard","category-economia","category-titulares-del-dia"],"_links":{"self":[{"href":"https:\/\/primermomento.com\/index.php?rest_route=\/wp\/v2\/posts\/352014","targetHints":{"allow":["GET"]}}],"collection":[{"href":"https:\/\/primermomento.com\/index.php?rest_route=\/wp\/v2\/posts"}],"about":[{"href":"https:\/\/primermomento.com\/index.php?rest_route=\/wp\/v2\/types\/post"}],"author":[{"embeddable":true,"href":"https:\/\/primermomento.com\/index.php?rest_route=\/wp\/v2\/users\/1"}],"replies":[{"embeddable":true,"href":"https:\/\/primermomento.com\/index.php?rest_route=%2Fwp%2Fv2%2Fcomments&post=352014"}],"version-history":[{"count":1,"href":"https:\/\/primermomento.com\/index.php?rest_route=\/wp\/v2\/posts\/352014\/revisions"}],"predecessor-version":[{"id":352016,"href":"https:\/\/primermomento.com\/index.php?rest_route=\/wp\/v2\/posts\/352014\/revisions\/352016"}],"wp:attachment":[{"href":"https:\/\/primermomento.com\/index.php?rest_route=%2Fwp%2Fv2%2Fmedia&parent=352014"}],"wp:term":[{"taxonomy":"category","embeddable":true,"href":"https:\/\/primermomento.com\/index.php?rest_route=%2Fwp%2Fv2%2Fcategories&post=352014"},{"taxonomy":"post_tag","embeddable":true,"href":"https:\/\/primermomento.com\/index.php?rest_route=%2Fwp%2Fv2%2Ftags&post=352014"}],"curies":[{"name":"wp","href":"https:\/\/api.w.org\/{rel}","templated":true}]}}