{"id":352071,"date":"2021-10-04T15:38:38","date_gmt":"2021-10-04T19:38:38","guid":{"rendered":"http:\/\/primermomento.com\/?p=352071"},"modified":"2021-10-04T15:38:39","modified_gmt":"2021-10-04T19:38:39","slug":"biden-admite-que-eeuu-podria-dejar-de-pagar-su-deuda","status":"publish","type":"post","link":"https:\/\/primermomento.com\/?p=352071","title":{"rendered":"Biden admite que EEUU podr\u00eda dejar de pagar su deuda"},"content":{"rendered":"\n<p class=\"wp-block-paragraph\">WASHINGTON, EEUU.- El presidente de Estados Unidos, Joe Biden, admiti\u00f3 hoy que el pa\u00eds puede incurrir en una suspensi\u00f3n de sus pagos este mes debido a la negativa republicana de elevar el l\u00edmite de la deuda.<\/p>\n\n\n\n<figure class=\"wp-block-image size-large\"><img loading=\"lazy\" decoding=\"async\" width=\"1024\" height=\"538\" src=\"http:\/\/primermomento.com\/wp-content\/uploads\/2021\/07\/Biden-y-competencia-empresarial-1024x538.jpg\" alt=\"\" class=\"wp-image-347498\" srcset=\"https:\/\/primermomento.com\/wp-content\/uploads\/2021\/07\/Biden-y-competencia-empresarial-1024x538.jpg 1024w, https:\/\/primermomento.com\/wp-content\/uploads\/2021\/07\/Biden-y-competencia-empresarial-300x158.jpg 300w, https:\/\/primermomento.com\/wp-content\/uploads\/2021\/07\/Biden-y-competencia-empresarial-768x403.jpg 768w, https:\/\/primermomento.com\/wp-content\/uploads\/2021\/07\/Biden-y-competencia-empresarial-500x263.jpg 500w, https:\/\/primermomento.com\/wp-content\/uploads\/2021\/07\/Biden-y-competencia-empresarial-280x147.jpg 280w, https:\/\/primermomento.com\/wp-content\/uploads\/2021\/07\/Biden-y-competencia-empresarial-638x335.jpg 638w, https:\/\/primermomento.com\/wp-content\/uploads\/2021\/07\/Biden-y-competencia-empresarial-118x62.jpg 118w, https:\/\/primermomento.com\/wp-content\/uploads\/2021\/07\/Biden-y-competencia-empresarial-479x251.jpg 479w, https:\/\/primermomento.com\/wp-content\/uploads\/2021\/07\/Biden-y-competencia-empresarial.jpg 1200w\" sizes=\"auto, (max-width: 1024px) 100vw, 1024px\" \/><\/figure>\n\n\n\n<p class=\"wp-block-paragraph\">El mandatario dijo que no garantiza que el Ejecutivo consiga pagar sus facturas despu\u00e9s del 18 de octubre si los senadores republicanos no est\u00e1n dispuestos a despejar el camino para mantener al pa\u00eds solvente.<\/p>\n\n\n\n<p class=\"wp-block-paragraph\">&#8216;Eso depende de Mitch McConnell&#8217;, asever\u00f3 Biden al referirse a la responsabilidad del l\u00edder de la minor\u00eda en el Senado respecto a la falta de apoyo para aumentar el tope del l\u00edmite crediticio.<\/p>\n\n\n\n<p class=\"wp-block-paragraph\">En sus declaraciones a la prensa desde la Casa Blanca, el gobernante critic\u00f3 a la fuerza roja por cerrar todas las v\u00edas que los dem\u00f3cratas han utilizado para incrementar el l\u00edmite de endeudamiento federal y los acus\u00f3 de promover un juego pol\u00edtico &#8216;imprudente y peligroso&#8217; con la econom\u00eda estadounidense.<\/p>\n\n\n\n<p class=\"wp-block-paragraph\">McConnell, por su parte, inst\u00f3 a los dem\u00f3cratas en una carta a aprobar su propuesta &#8216;por su cuenta&#8217;, lo cual es casi imposible debido a la estrecha mayor\u00eda del partido gobernante en ambas c\u00e1maras legislativas, sobre todo en el Senado, donde necesitar\u00eda el apoyo de al menos 10 republicanos.<\/p>\n\n\n\n<p class=\"wp-block-paragraph\">Biden explic\u00f3 que eso podr\u00eda ocurrir mediante un mecanismo legislativo llamado &#8216;reconciliaci\u00f3n&#8217;, el cual permite aprobar de forma excepcional proyectos con una mayor\u00eda simple.<\/p>\n\n\n\n<p class=\"wp-block-paragraph\">Sin embargo, se mostr\u00f3 esc\u00e9ptico respecto a esa posibilidad, porque requerir\u00eda programar &#8216;cientos de votos&#8217; en el Senado que podr\u00edan &#8216;no tener nada que ver con el l\u00edmite de deuda&#8217;, por lo cual asegur\u00f3 la continuidad de las negociaciones.<\/p>\n\n\n\n<p class=\"wp-block-paragraph\">Esos comentarios se producen 14 d\u00edas antes de que Estados Unidos deje de pagar la deuda nacional, que ser\u00eda un desastre sin precedentes, seg\u00fan advirti\u00f3 la secretaria del Tesoro, Janet Yellen.<\/p>\n\n\n\n<p class=\"wp-block-paragraph\">El 27 de septiembre, el Senado rechaz\u00f3 la votaci\u00f3n de una iniciativa que permitir\u00eda ampliar el financiamiento del gobierno y evitar un posible cierre del Ejecutivo.<\/p>\n\n\n\n<p class=\"wp-block-paragraph\">Biden y los l\u00edderes del bando azul en el Congreso creen que los republicanos sabotean deliberadamente la capacidad del pa\u00eds para pagar las facturas y probablemente causen el primer incumplimiento crediticio en la historia de Estados Unidos.<\/p>\n\n\n\n<p class=\"has-text-align-right wp-block-paragraph\"><em>PL<\/em><\/p>\n","protected":false},"excerpt":{"rendered":"<p>WASHINGTON, EEUU.- El presidente de Estados Unidos, Joe Biden, admiti\u00f3 hoy que el pa\u00eds puede incurrir en una suspensi\u00f3n de sus pagos este mes debido a la negativa republicana de elevar el l\u00edmite de la deuda. El mandatario dijo que no garantiza que el Ejecutivo consiga pagar sus facturas despu\u00e9s del 18 de octubre si [&hellip;]<\/p>\n","protected":false},"author":1,"featured_media":0,"comment_status":"open","ping_status":"open","sticky":false,"template":"","format":"standard","meta":{"_bbp_topic_count":0,"_bbp_reply_count":0,"_bbp_total_topic_count":0,"_bbp_total_reply_count":0,"_bbp_voice_count":0,"_bbp_anonymous_reply_count":0,"_bbp_topic_count_hidden":0,"_bbp_reply_count_hidden":0,"_bbp_forum_subforum_count":0,"footnotes":""},"categories":[35,60],"tags":[],"class_list":["post-352071","post","type-post","status-publish","format-standard","category-economia","category-titulares-del-dia"],"_links":{"self":[{"href":"https:\/\/primermomento.com\/index.php?rest_route=\/wp\/v2\/posts\/352071","targetHints":{"allow":["GET"]}}],"collection":[{"href":"https:\/\/primermomento.com\/index.php?rest_route=\/wp\/v2\/posts"}],"about":[{"href":"https:\/\/primermomento.com\/index.php?rest_route=\/wp\/v2\/types\/post"}],"author":[{"embeddable":true,"href":"https:\/\/primermomento.com\/index.php?rest_route=\/wp\/v2\/users\/1"}],"replies":[{"embeddable":true,"href":"https:\/\/primermomento.com\/index.php?rest_route=%2Fwp%2Fv2%2Fcomments&post=352071"}],"version-history":[{"count":1,"href":"https:\/\/primermomento.com\/index.php?rest_route=\/wp\/v2\/posts\/352071\/revisions"}],"predecessor-version":[{"id":352072,"href":"https:\/\/primermomento.com\/index.php?rest_route=\/wp\/v2\/posts\/352071\/revisions\/352072"}],"wp:attachment":[{"href":"https:\/\/primermomento.com\/index.php?rest_route=%2Fwp%2Fv2%2Fmedia&parent=352071"}],"wp:term":[{"taxonomy":"category","embeddable":true,"href":"https:\/\/primermomento.com\/index.php?rest_route=%2Fwp%2Fv2%2Fcategories&post=352071"},{"taxonomy":"post_tag","embeddable":true,"href":"https:\/\/primermomento.com\/index.php?rest_route=%2Fwp%2Fv2%2Ftags&post=352071"}],"curies":[{"name":"wp","href":"https:\/\/api.w.org\/{rel}","templated":true}]}}