{"id":352276,"date":"2021-10-07T09:27:00","date_gmt":"2021-10-07T13:27:00","guid":{"rendered":"http:\/\/primermomento.com\/?p=352276"},"modified":"2021-10-07T19:31:53","modified_gmt":"2021-10-07T23:31:53","slug":"senado-acuerda-elevar-el-techo-de-la-deuda-hasta-diciembre","status":"publish","type":"post","link":"https:\/\/primermomento.com\/?p=352276","title":{"rendered":"Senado acuerda elevar el techo de la deuda hasta diciembre"},"content":{"rendered":"\n<p class=\"wp-block-paragraph\">WASHINGTON, EEUU.- El l\u00edder de la mayor\u00eda del Senado de Estados Unidos, el dem\u00f3crata Charles Schumer, dijo hoy que lograron un acuerdo con los republicanos para extender el techo de la deuda hasta diciembre.<\/p>\n\n\n\n<div class=\"wp-block-image\"><figure class=\"aligncenter size-large\"><img loading=\"lazy\" decoding=\"async\" width=\"748\" height=\"498\" src=\"http:\/\/primermomento.com\/wp-content\/uploads\/2021\/10\/all-techo.jpg\" alt=\"\" class=\"wp-image-352277\" srcset=\"https:\/\/primermomento.com\/wp-content\/uploads\/2021\/10\/all-techo.jpg 748w, https:\/\/primermomento.com\/wp-content\/uploads\/2021\/10\/all-techo-300x200.jpg 300w, https:\/\/primermomento.com\/wp-content\/uploads\/2021\/10\/all-techo-73x50.jpg 73w, https:\/\/primermomento.com\/wp-content\/uploads\/2021\/10\/all-techo-500x333.jpg 500w, https:\/\/primermomento.com\/wp-content\/uploads\/2021\/10\/all-techo-280x186.jpg 280w, https:\/\/primermomento.com\/wp-content\/uploads\/2021\/10\/all-techo-60x40.jpg 60w, https:\/\/primermomento.com\/wp-content\/uploads\/2021\/10\/all-techo-638x425.jpg 638w, https:\/\/primermomento.com\/wp-content\/uploads\/2021\/10\/all-techo-118x79.jpg 118w, https:\/\/primermomento.com\/wp-content\/uploads\/2021\/10\/all-techo-479x319.jpg 479w\" sizes=\"auto, (max-width: 748px) 100vw, 748px\" \/><\/figure><\/div>\n\n\n\n<p class=\"wp-block-paragraph\">Los senadores podr\u00edan votar el pacto tan pronto como este jueves, pero la C\u00e1mara de Representantes tendr\u00eda que acelerar el proceso, lo cual, de no ocurrir, aplazar\u00eda el sufragio hasta el fin de semana.<\/p>\n\n\n\n<p class=\"wp-block-paragraph\">El convenio aumentar\u00eda el techo de la deuda en 480 mil millones de d\u00f3lares, lo que, seg\u00fan las estimaciones del Departamento del Tesoro, extender\u00eda el tope hasta el 3 de diciembre.<\/p>\n\n\n\n<p class=\"wp-block-paragraph\">El l\u00edder de la minor\u00eda del Senado, el republicano Mitch McConnell, confirm\u00f3 durante un discurso en el pleno que llegaron a un punto de encuentro.<\/p>\n\n\n\n<p class=\"wp-block-paragraph\">Queremos evitar al pueblo estadounidense una crisis econ\u00f3mica y pol\u00edtica sin precedentes, dijo McConnell y a\u00f1adi\u00f3 que el consenso con los colegas dem\u00f3cratas sortear cualquier situaci\u00f3n de inestabilidad a corto plazo.<\/p>\n\n\n\n<p class=\"wp-block-paragraph\">El acuerdo, que debe ser aprobado por la C\u00e1mara Baja antes de enviarlo al presidente Joe Biden, tiene que superar el obst\u00e1culo de los 60 votos.<\/p>\n\n\n\n<p class=\"wp-block-paragraph\">Al menos 10 republicanos deben votar a favor del pacto para su aprobaci\u00f3n final, explic\u00f3 la publicaci\u00f3n The Hill.<\/p>\n\n\n\n<p class=\"wp-block-paragraph\">El expresidente Donald Trump (2017- enero 2021) asegur\u00f3 que no apoya el paquete de reconciliaci\u00f3n de los dem\u00f3cratas ni que se eleve el l\u00edmite de deuda para hacer posible ese nivel de gasto.<\/p>\n\n\n\n<p class=\"wp-block-paragraph\">El Congreso tiene hasta el 18 de octubre para elevar el techo de la deuda y evitar un impago hist\u00f3rico.<\/p>\n\n\n\n<p class=\"has-text-align-right wp-block-paragraph\"><em>PL<\/em><\/p>\n","protected":false},"excerpt":{"rendered":"<p>WASHINGTON, EEUU.- El l\u00edder de la mayor\u00eda del Senado de Estados Unidos, el dem\u00f3crata Charles Schumer, dijo hoy que lograron un acuerdo con los republicanos para extender el techo de la deuda hasta diciembre. Los senadores podr\u00edan votar el pacto tan pronto como este jueves, pero la C\u00e1mara de Representantes tendr\u00eda que acelerar el proceso, [&hellip;]<\/p>\n","protected":false},"author":1,"featured_media":0,"comment_status":"open","ping_status":"open","sticky":false,"template":"","format":"standard","meta":{"_bbp_topic_count":0,"_bbp_reply_count":0,"_bbp_total_topic_count":0,"_bbp_total_reply_count":0,"_bbp_voice_count":0,"_bbp_anonymous_reply_count":0,"_bbp_topic_count_hidden":0,"_bbp_reply_count_hidden":0,"_bbp_forum_subforum_count":0,"footnotes":""},"categories":[35,60],"tags":[],"class_list":["post-352276","post","type-post","status-publish","format-standard","category-economia","category-titulares-del-dia"],"_links":{"self":[{"href":"https:\/\/primermomento.com\/index.php?rest_route=\/wp\/v2\/posts\/352276","targetHints":{"allow":["GET"]}}],"collection":[{"href":"https:\/\/primermomento.com\/index.php?rest_route=\/wp\/v2\/posts"}],"about":[{"href":"https:\/\/primermomento.com\/index.php?rest_route=\/wp\/v2\/types\/post"}],"author":[{"embeddable":true,"href":"https:\/\/primermomento.com\/index.php?rest_route=\/wp\/v2\/users\/1"}],"replies":[{"embeddable":true,"href":"https:\/\/primermomento.com\/index.php?rest_route=%2Fwp%2Fv2%2Fcomments&post=352276"}],"version-history":[{"count":1,"href":"https:\/\/primermomento.com\/index.php?rest_route=\/wp\/v2\/posts\/352276\/revisions"}],"predecessor-version":[{"id":352278,"href":"https:\/\/primermomento.com\/index.php?rest_route=\/wp\/v2\/posts\/352276\/revisions\/352278"}],"wp:attachment":[{"href":"https:\/\/primermomento.com\/index.php?rest_route=%2Fwp%2Fv2%2Fmedia&parent=352276"}],"wp:term":[{"taxonomy":"category","embeddable":true,"href":"https:\/\/primermomento.com\/index.php?rest_route=%2Fwp%2Fv2%2Fcategories&post=352276"},{"taxonomy":"post_tag","embeddable":true,"href":"https:\/\/primermomento.com\/index.php?rest_route=%2Fwp%2Fv2%2Ftags&post=352276"}],"curies":[{"name":"wp","href":"https:\/\/api.w.org\/{rel}","templated":true}]}}