{"id":352558,"date":"2021-10-12T09:58:00","date_gmt":"2021-10-12T13:58:00","guid":{"rendered":"http:\/\/primermomento.com\/?p=352558"},"modified":"2021-10-12T14:00:36","modified_gmt":"2021-10-12T18:00:36","slug":"gobierno-informa-no-ha-presentado-propuesta-de-reforma-fiscal","status":"publish","type":"post","link":"https:\/\/primermomento.com\/?p=352558","title":{"rendered":"Gobierno informa no ha presentado propuesta de reforma fiscal"},"content":{"rendered":"\n<p class=\"wp-block-paragraph\">SANTO DOMINGO, Rep\u00fablica Dominicana.- El Gobierno dominicano, a trav\u00e9s de su portavoz y director de Estrategia y Comunicaci\u00f3n Gubernamental, Homero Figueroa, inform\u00f3 que no ha presentado alguna propuesta de reforma fiscal como se ha divulgado en diversos medios y plataformas de comunicaci\u00f3n.<\/p>\n\n\n\n<div class=\"wp-block-image\"><figure class=\"aligncenter size-large\"><img loading=\"lazy\" decoding=\"async\" width=\"687\" height=\"387\" src=\"http:\/\/primermomento.com\/wp-content\/uploads\/2021\/10\/portavoz-gobierno-dominicano1.jpg\" alt=\"\" class=\"wp-image-352559\" srcset=\"https:\/\/primermomento.com\/wp-content\/uploads\/2021\/10\/portavoz-gobierno-dominicano1.jpg 687w, https:\/\/primermomento.com\/wp-content\/uploads\/2021\/10\/portavoz-gobierno-dominicano1-300x169.jpg 300w, https:\/\/primermomento.com\/wp-content\/uploads\/2021\/10\/portavoz-gobierno-dominicano1-478x270.jpg 478w, https:\/\/primermomento.com\/wp-content\/uploads\/2021\/10\/portavoz-gobierno-dominicano1-500x282.jpg 500w, https:\/\/primermomento.com\/wp-content\/uploads\/2021\/10\/portavoz-gobierno-dominicano1-280x158.jpg 280w, https:\/\/primermomento.com\/wp-content\/uploads\/2021\/10\/portavoz-gobierno-dominicano1-638x359.jpg 638w, https:\/\/primermomento.com\/wp-content\/uploads\/2021\/10\/portavoz-gobierno-dominicano1-118x66.jpg 118w, https:\/\/primermomento.com\/wp-content\/uploads\/2021\/10\/portavoz-gobierno-dominicano1-479x270.jpg 479w\" sizes=\"auto, (max-width: 687px) 100vw, 687px\" \/><\/figure><\/div>\n\n\n\n<p class=\"wp-block-paragraph\">\u201cEl Gobierno dominicano, hasta ahora, no ha divulgado de manera formal o informal, ninguna propuesta relativa a una reforma fiscal\u201d, anunci\u00f3 el funcionario.<\/p>\n","protected":false},"excerpt":{"rendered":"<p>SANTO DOMINGO, Rep\u00fablica Dominicana.- El Gobierno dominicano, a trav\u00e9s de su portavoz y director de Estrategia y Comunicaci\u00f3n Gubernamental, Homero Figueroa, inform\u00f3 que no ha presentado alguna propuesta de reforma fiscal como se ha divulgado en diversos medios y plataformas de comunicaci\u00f3n. \u201cEl Gobierno dominicano, hasta ahora, no ha divulgado de manera formal o informal, [&hellip;]<\/p>\n","protected":false},"author":1,"featured_media":0,"comment_status":"open","ping_status":"open","sticky":false,"template":"","format":"standard","meta":{"_bbp_topic_count":0,"_bbp_reply_count":0,"_bbp_total_topic_count":0,"_bbp_total_reply_count":0,"_bbp_voice_count":0,"_bbp_anonymous_reply_count":0,"_bbp_topic_count_hidden":0,"_bbp_reply_count_hidden":0,"_bbp_forum_subforum_count":0,"footnotes":""},"categories":[35,60],"tags":[],"class_list":["post-352558","post","type-post","status-publish","format-standard","category-economia","category-titulares-del-dia"],"_links":{"self":[{"href":"https:\/\/primermomento.com\/index.php?rest_route=\/wp\/v2\/posts\/352558","targetHints":{"allow":["GET"]}}],"collection":[{"href":"https:\/\/primermomento.com\/index.php?rest_route=\/wp\/v2\/posts"}],"about":[{"href":"https:\/\/primermomento.com\/index.php?rest_route=\/wp\/v2\/types\/post"}],"author":[{"embeddable":true,"href":"https:\/\/primermomento.com\/index.php?rest_route=\/wp\/v2\/users\/1"}],"replies":[{"embeddable":true,"href":"https:\/\/primermomento.com\/index.php?rest_route=%2Fwp%2Fv2%2Fcomments&post=352558"}],"version-history":[{"count":1,"href":"https:\/\/primermomento.com\/index.php?rest_route=\/wp\/v2\/posts\/352558\/revisions"}],"predecessor-version":[{"id":352560,"href":"https:\/\/primermomento.com\/index.php?rest_route=\/wp\/v2\/posts\/352558\/revisions\/352560"}],"wp:attachment":[{"href":"https:\/\/primermomento.com\/index.php?rest_route=%2Fwp%2Fv2%2Fmedia&parent=352558"}],"wp:term":[{"taxonomy":"category","embeddable":true,"href":"https:\/\/primermomento.com\/index.php?rest_route=%2Fwp%2Fv2%2Fcategories&post=352558"},{"taxonomy":"post_tag","embeddable":true,"href":"https:\/\/primermomento.com\/index.php?rest_route=%2Fwp%2Fv2%2Ftags&post=352558"}],"curies":[{"name":"wp","href":"https:\/\/api.w.org\/{rel}","templated":true}]}}