{"id":352712,"date":"2021-10-13T08:40:00","date_gmt":"2021-10-13T12:40:00","guid":{"rendered":"http:\/\/primermomento.com\/?p=352712"},"modified":"2021-10-13T16:42:44","modified_gmt":"2021-10-13T20:42:44","slug":"suben-los-precios-al-consumidor-en-estados-unidos","status":"publish","type":"post","link":"https:\/\/primermomento.com\/?p=352712","title":{"rendered":"Suben los precios al consumidor en Estados Unidos"},"content":{"rendered":"\n<p class=\"wp-block-paragraph\">WASHINGTON, EEUU.- Los precios al consumo aumentaron 0,4 por ciento en septiembre y 5,4 por ciento en el a\u00f1o en Estados Unidos, inform\u00f3 hoy el Departamento de Trabajo.<\/p>\n\n\n\n<div class=\"wp-block-image\"><figure class=\"aligncenter size-large\"><img loading=\"lazy\" decoding=\"async\" width=\"748\" height=\"498\" src=\"http:\/\/primermomento.com\/wp-content\/uploads\/2021\/10\/d-precios-al-consumo.jpg\" alt=\"\" class=\"wp-image-352713\" srcset=\"https:\/\/primermomento.com\/wp-content\/uploads\/2021\/10\/d-precios-al-consumo.jpg 748w, https:\/\/primermomento.com\/wp-content\/uploads\/2021\/10\/d-precios-al-consumo-300x200.jpg 300w, https:\/\/primermomento.com\/wp-content\/uploads\/2021\/10\/d-precios-al-consumo-73x50.jpg 73w, https:\/\/primermomento.com\/wp-content\/uploads\/2021\/10\/d-precios-al-consumo-500x333.jpg 500w, https:\/\/primermomento.com\/wp-content\/uploads\/2021\/10\/d-precios-al-consumo-280x186.jpg 280w, https:\/\/primermomento.com\/wp-content\/uploads\/2021\/10\/d-precios-al-consumo-60x40.jpg 60w, https:\/\/primermomento.com\/wp-content\/uploads\/2021\/10\/d-precios-al-consumo-638x425.jpg 638w, https:\/\/primermomento.com\/wp-content\/uploads\/2021\/10\/d-precios-al-consumo-118x79.jpg 118w, https:\/\/primermomento.com\/wp-content\/uploads\/2021\/10\/d-precios-al-consumo-479x319.jpg 479w\" sizes=\"auto, (max-width: 748px) 100vw, 748px\" \/><\/figure><\/div>\n\n\n\n<p class=\"wp-block-paragraph\">Eso es apenas un indicativo de los problemas que enfrenta la administraci\u00f3n del presidente Joe Biden al aproximarse a su primer a\u00f1o en el comando del pa\u00eds cuando las cifras muestran un retroceso de la econom\u00eda, que pudiera ser un serio obst\u00e1culo para que los dem\u00f3cratas mantengan la mayor\u00eda en el Congreso en 2022.<\/p>\n\n\n\n<p class=\"wp-block-paragraph\">Aparejado a esto existe una crisis en la cadena productiva, algo que abordar\u00e1 Biden este mi\u00e9rcoles durante una visita a California (oeste) en momentos en que la pandemia de la Covid-19 golpea al pa\u00eds, unido al aumento de la inflaci\u00f3n, la escasez de la cadena de suministro y una recuperaci\u00f3n del empleo m\u00e1s lenta de lo esperado.<\/p>\n\n\n\n<p class=\"wp-block-paragraph\">Eso lleva a que los estudiosos de la situaci\u00f3n disminuyan las expectativas de crecimiento econ\u00f3mico para el pr\u00f3ximo a\u00f1o natural, que concluir\u00e1 en septiembre 2022.<\/p>\n\n\n\n<p class=\"wp-block-paragraph\">Seg\u00fan Gita Gopinath, economista jefe del Fondo Monetario Internacional, los riesgos para las perspectivas econ\u00f3micas aumentaron y las compensaciones pol\u00edticas se volvieron m\u00e1s complejas. La situaci\u00f3n debe complicar el esfuerzo de los dem\u00f3cratas en 2022, mientras el partido se enfrenta a desaf\u00edos en el Congreso a su agenda de Gobierno.<\/p>\n\n\n\n<p class=\"wp-block-paragraph\">Este mi\u00e9rcoles Biden anunciar\u00e1 medidas que incidir\u00e1n en el trabajo del puerto de Los Angeles, con el objetivo de enfrentar los crecientes atrasos en las cadenas de suministro globales que entregan bienes cr\u00edticos al pa\u00eds.<\/p>\n\n\n\n<p class=\"wp-block-paragraph\">Seg\u00fan el diario The New York Times la escasez de productos frustr\u00f3 a los consumidores y a las empresas estadounidenses, y contribuye a un aumento de los precios que perjudica pol\u00edticamente al mandatario.<\/p>\n\n\n\n<p class=\"wp-block-paragraph\">Fuentes de la Casa Blanca dijeron que Biden tiene previsto pronunciar un discurso en el que abordar\u00e1 los problemas en los puertos, las f\u00e1bricas y las rutas mar\u00edtimas que provocan escasez, largos plazos de entrega y r\u00e1pidas subidas de los precios de los alimentos, los televisores, los autom\u00f3viles y mucho m\u00e1s.<\/p>\n\n\n\n<p class=\"wp-block-paragraph\">La inflaci\u00f3n resultante enfri\u00f3 la confianza de los consumidores y pesa en los \u00edndices de aprobaci\u00f3n del mandatario, en especial cuando el Departamento de Trabajo anunci\u00f3 hoy un aumento de la inflaci\u00f3n, asegur\u00f3 el Times.<\/p>\n\n\n\n<p class=\"wp-block-paragraph\">Los analistas afirman que algunos de estos problemas pueden prolongarse hasta finales del pr\u00f3ximo a\u00f1o o incluso hasta 2023.<\/p>\n\n\n\n<p class=\"wp-block-paragraph\">Jennifer McKeown, jefa del Servicio de Econom\u00eda Global de Capital Economics, consider\u00f3 que &#8216;lamentablemente, parece que las cosas van a empeorar antes de mejorar&#8217;.<\/p>\n\n\n\n<p class=\"wp-block-paragraph\">El riesgo pol\u00edtico para la administraci\u00f3n es que la escasez, que hasta ahora es sobre todo una molestia, se convierta en algo m\u00e1s existencial.<\/p>\n\n\n\n<p class=\"wp-block-paragraph\">Para los responsables pol\u00edticos de la Casa Blanca y de la Reserva Federal, la preocupaci\u00f3n es que la actual escalada de precios pueda inducir a los consumidores a esperar que la r\u00e1pida inflaci\u00f3n sea duradera.<\/p>\n\n\n\n<p class=\"has-text-align-right wp-block-paragraph\"><em>PL<\/em><\/p>\n","protected":false},"excerpt":{"rendered":"<p>WASHINGTON, EEUU.- Los precios al consumo aumentaron 0,4 por ciento en septiembre y 5,4 por ciento en el a\u00f1o en Estados Unidos, inform\u00f3 hoy el Departamento de Trabajo. Eso es apenas un indicativo de los problemas que enfrenta la administraci\u00f3n del presidente Joe Biden al aproximarse a su primer a\u00f1o en el comando del pa\u00eds [&hellip;]<\/p>\n","protected":false},"author":1,"featured_media":0,"comment_status":"open","ping_status":"open","sticky":false,"template":"","format":"standard","meta":{"_bbp_topic_count":0,"_bbp_reply_count":0,"_bbp_total_topic_count":0,"_bbp_total_reply_count":0,"_bbp_voice_count":0,"_bbp_anonymous_reply_count":0,"_bbp_topic_count_hidden":0,"_bbp_reply_count_hidden":0,"_bbp_forum_subforum_count":0,"footnotes":""},"categories":[35,60],"tags":[],"class_list":["post-352712","post","type-post","status-publish","format-standard","category-economia","category-titulares-del-dia"],"_links":{"self":[{"href":"https:\/\/primermomento.com\/index.php?rest_route=\/wp\/v2\/posts\/352712","targetHints":{"allow":["GET"]}}],"collection":[{"href":"https:\/\/primermomento.com\/index.php?rest_route=\/wp\/v2\/posts"}],"about":[{"href":"https:\/\/primermomento.com\/index.php?rest_route=\/wp\/v2\/types\/post"}],"author":[{"embeddable":true,"href":"https:\/\/primermomento.com\/index.php?rest_route=\/wp\/v2\/users\/1"}],"replies":[{"embeddable":true,"href":"https:\/\/primermomento.com\/index.php?rest_route=%2Fwp%2Fv2%2Fcomments&post=352712"}],"version-history":[{"count":1,"href":"https:\/\/primermomento.com\/index.php?rest_route=\/wp\/v2\/posts\/352712\/revisions"}],"predecessor-version":[{"id":352714,"href":"https:\/\/primermomento.com\/index.php?rest_route=\/wp\/v2\/posts\/352712\/revisions\/352714"}],"wp:attachment":[{"href":"https:\/\/primermomento.com\/index.php?rest_route=%2Fwp%2Fv2%2Fmedia&parent=352712"}],"wp:term":[{"taxonomy":"category","embeddable":true,"href":"https:\/\/primermomento.com\/index.php?rest_route=%2Fwp%2Fv2%2Fcategories&post=352712"},{"taxonomy":"post_tag","embeddable":true,"href":"https:\/\/primermomento.com\/index.php?rest_route=%2Fwp%2Fv2%2Ftags&post=352712"}],"curies":[{"name":"wp","href":"https:\/\/api.w.org\/{rel}","templated":true}]}}