{"id":352807,"date":"2021-10-15T08:23:01","date_gmt":"2021-10-15T12:23:01","guid":{"rendered":"http:\/\/primermomento.com\/?p=352807"},"modified":"2021-10-15T08:23:02","modified_gmt":"2021-10-15T12:23:02","slug":"caen-solicitudes-de-ayuda-por-desempleo-en-eeuu","status":"publish","type":"post","link":"https:\/\/primermomento.com\/?p=352807","title":{"rendered":"Caen solicitudes de ayuda por desempleo en EEUU"},"content":{"rendered":"\n<p class=\"wp-block-paragraph\">WASHINGTON, EEUU.- Los estadounidenses que solicitaron beneficios por desempleo cayeron a 300 mil la semana pasada por primera vez en 19 meses, lo que es considerado como saludable para el mercado laboral por el Departamento de Trabajo.<\/p>\n\n\n\n<div class=\"wp-block-image\"><figure class=\"aligncenter size-large\"><img loading=\"lazy\" decoding=\"async\" width=\"748\" height=\"498\" src=\"http:\/\/primermomento.com\/wp-content\/uploads\/2017\/05\/eeuu-desempleo2.jpg\" alt=\"\" class=\"wp-image-289767\" srcset=\"https:\/\/primermomento.com\/wp-content\/uploads\/2017\/05\/eeuu-desempleo2.jpg 748w, https:\/\/primermomento.com\/wp-content\/uploads\/2017\/05\/eeuu-desempleo2-300x200.jpg 300w, https:\/\/primermomento.com\/wp-content\/uploads\/2017\/05\/eeuu-desempleo2-73x50.jpg 73w, https:\/\/primermomento.com\/wp-content\/uploads\/2017\/05\/eeuu-desempleo2-500x333.jpg 500w, https:\/\/primermomento.com\/wp-content\/uploads\/2017\/05\/eeuu-desempleo2-280x186.jpg 280w, https:\/\/primermomento.com\/wp-content\/uploads\/2017\/05\/eeuu-desempleo2-60x40.jpg 60w, https:\/\/primermomento.com\/wp-content\/uploads\/2017\/05\/eeuu-desempleo2-638x425.jpg 638w, https:\/\/primermomento.com\/wp-content\/uploads\/2017\/05\/eeuu-desempleo2-118x79.jpg 118w, https:\/\/primermomento.com\/wp-content\/uploads\/2017\/05\/eeuu-desempleo2-479x319.jpg 479w\" sizes=\"auto, (max-width: 748px) 100vw, 748px\" \/><\/figure><\/div>\n\n\n\n<p class=\"wp-block-paragraph\">No obstante, este sector en Estados Unidos presenta desaf\u00edos por la escasez de trabajadores y materias primas, especialmente en el sector automotriz.<\/p>\n\n\n\n<p class=\"wp-block-paragraph\">De acuerdo con los analistas, la baja en los pedidos de subsidios por paro es otra prueba de que la escasez de obreros estuvo detr\u00e1s de un crecimiento laboral m\u00e1s lento, en vez de un debilitamiento de la demanda por mano de obra.<\/p>\n\n\n\n<p class=\"wp-block-paragraph\">Esas solicitudes cayeron a 293 mil para la semana que termin\u00f3 el 9 de octubre, el nivel m\u00e1s bajo desde mediados de marzo de 2020, cuando el pa\u00eds estaba en la fase inicial de la pandemia de la Covid-19.<\/p>\n\n\n\n<p class=\"wp-block-paragraph\">Seg\u00fan el Departamento de Trabajo, el rango de pedidos de ayuda de 250 mil a 300 mil resulta coherente con un mercado laboral saludable, peticiones que se redujeron desde un r\u00e9cord de 6,149 millones a inicios de abril de 2020.<\/p>\n\n\n\n<p class=\"wp-block-paragraph\">El total de personas que cobran cheques de desempleo en todos los programas se redujo a 3,649 millones durante la semana que termin\u00f3 el 25 de septiembre, como reflejo del fin de las prestaciones por paro financiadas por el gobierno federal. La tasa de desempleo en Estados Unidos descendi\u00f3 a 4,8 por ciento en septiembre, la m\u00e1s baja desde que la pandemia impact\u00f3 en el mercado laboral de ese pa\u00eds a comienzos de 2020, pero el ritmo de creaci\u00f3n de empleo mantiene su desaceleraci\u00f3n en los \u00faltimos meses.<\/p>\n\n\n\n<p class=\"wp-block-paragraph\">En septiembre se crearon 194 mil puestos de trabajo, por debajo de las previsiones de los analistas de 500 mil, lo que supone el menor ritmo en lo que va de a\u00f1o.<\/p>\n\n\n\n<p class=\"wp-block-paragraph\">Tambi\u00e9n el enfriamiento en el crecimiento de las plazas se debe principalmente a la escasez de trabajadores, las diferencias entre el empleo y las capacidades de las personas.<\/p>\n\n\n\n<p class=\"has-text-align-right wp-block-paragraph\"><em>PL<\/em><\/p>\n","protected":false},"excerpt":{"rendered":"<p>WASHINGTON, EEUU.- Los estadounidenses que solicitaron beneficios por desempleo cayeron a 300 mil la semana pasada por primera vez en 19 meses, lo que es considerado como saludable para el mercado laboral por el Departamento de Trabajo. No obstante, este sector en Estados Unidos presenta desaf\u00edos por la escasez de trabajadores y materias primas, especialmente [&hellip;]<\/p>\n","protected":false},"author":1,"featured_media":0,"comment_status":"open","ping_status":"open","sticky":false,"template":"","format":"standard","meta":{"_bbp_topic_count":0,"_bbp_reply_count":0,"_bbp_total_topic_count":0,"_bbp_total_reply_count":0,"_bbp_voice_count":0,"_bbp_anonymous_reply_count":0,"_bbp_topic_count_hidden":0,"_bbp_reply_count_hidden":0,"_bbp_forum_subforum_count":0,"footnotes":""},"categories":[35,60],"tags":[],"class_list":["post-352807","post","type-post","status-publish","format-standard","category-economia","category-titulares-del-dia"],"_links":{"self":[{"href":"https:\/\/primermomento.com\/index.php?rest_route=\/wp\/v2\/posts\/352807","targetHints":{"allow":["GET"]}}],"collection":[{"href":"https:\/\/primermomento.com\/index.php?rest_route=\/wp\/v2\/posts"}],"about":[{"href":"https:\/\/primermomento.com\/index.php?rest_route=\/wp\/v2\/types\/post"}],"author":[{"embeddable":true,"href":"https:\/\/primermomento.com\/index.php?rest_route=\/wp\/v2\/users\/1"}],"replies":[{"embeddable":true,"href":"https:\/\/primermomento.com\/index.php?rest_route=%2Fwp%2Fv2%2Fcomments&post=352807"}],"version-history":[{"count":1,"href":"https:\/\/primermomento.com\/index.php?rest_route=\/wp\/v2\/posts\/352807\/revisions"}],"predecessor-version":[{"id":352808,"href":"https:\/\/primermomento.com\/index.php?rest_route=\/wp\/v2\/posts\/352807\/revisions\/352808"}],"wp:attachment":[{"href":"https:\/\/primermomento.com\/index.php?rest_route=%2Fwp%2Fv2%2Fmedia&parent=352807"}],"wp:term":[{"taxonomy":"category","embeddable":true,"href":"https:\/\/primermomento.com\/index.php?rest_route=%2Fwp%2Fv2%2Fcategories&post=352807"},{"taxonomy":"post_tag","embeddable":true,"href":"https:\/\/primermomento.com\/index.php?rest_route=%2Fwp%2Fv2%2Ftags&post=352807"}],"curies":[{"name":"wp","href":"https:\/\/api.w.org\/{rel}","templated":true}]}}