{"id":352809,"date":"2021-10-15T08:25:10","date_gmt":"2021-10-15T12:25:10","guid":{"rendered":"http:\/\/primermomento.com\/?p=352809"},"modified":"2021-10-15T08:25:11","modified_gmt":"2021-10-15T12:25:11","slug":"biden-extiende-techo-de-la-deuda-de-eeuu-hasta-diciembre","status":"publish","type":"post","link":"https:\/\/primermomento.com\/?p=352809","title":{"rendered":"Biden extiende techo de la deuda de EEUU hasta diciembre"},"content":{"rendered":"\n<p class=\"wp-block-paragraph\">\u00a0WASHINGTON, EEUU.- El presidente Joe Biden firm\u00f3 un proyecto de ley para elevar en 480 mil millones de d\u00f3lares el techo de deuda de Estados Unidos, evitando un impago al menos hasta diciembre.<\/p>\n\n\n\n<div class=\"wp-block-image\"><figure class=\"aligncenter size-large\"><img loading=\"lazy\" decoding=\"async\" width=\"748\" height=\"498\" src=\"http:\/\/primermomento.com\/wp-content\/uploads\/2021\/02\/biden-despacho-firma.jpg\" alt=\"\" class=\"wp-image-340211\" srcset=\"https:\/\/primermomento.com\/wp-content\/uploads\/2021\/02\/biden-despacho-firma.jpg 748w, https:\/\/primermomento.com\/wp-content\/uploads\/2021\/02\/biden-despacho-firma-300x200.jpg 300w, https:\/\/primermomento.com\/wp-content\/uploads\/2021\/02\/biden-despacho-firma-73x50.jpg 73w, https:\/\/primermomento.com\/wp-content\/uploads\/2021\/02\/biden-despacho-firma-500x333.jpg 500w, https:\/\/primermomento.com\/wp-content\/uploads\/2021\/02\/biden-despacho-firma-280x186.jpg 280w, https:\/\/primermomento.com\/wp-content\/uploads\/2021\/02\/biden-despacho-firma-60x40.jpg 60w, https:\/\/primermomento.com\/wp-content\/uploads\/2021\/02\/biden-despacho-firma-638x425.jpg 638w, https:\/\/primermomento.com\/wp-content\/uploads\/2021\/02\/biden-despacho-firma-118x79.jpg 118w, https:\/\/primermomento.com\/wp-content\/uploads\/2021\/02\/biden-despacho-firma-479x319.jpg 479w\" sizes=\"auto, (max-width: 748px) 100vw, 748px\" \/><\/figure><\/div>\n\n\n\n<p class=\"wp-block-paragraph\">La C\u00e1mara de Representantes interrumpi\u00f3 su receso programado y vot\u00f3 a primera hora del d\u00eda para elevar el l\u00edmite de la deuda hasta diciembre, cuando los legisladores tendr\u00e1n que volver a subir el tope para evitar consecuencias econ\u00f3micas catastr\u00f3ficas.<\/p>\n\n\n\n<p class=\"wp-block-paragraph\">Funcionarios del gobierno dem\u00f3crata advirtieron que la naci\u00f3n entrar\u00eda en mora si el l\u00edmite de la deuda no se elevaba antes del 18 de octubre, lo que podr\u00eda hacer que la econom\u00eda volviera a entrar en recesi\u00f3n tras meses de ganancias constantes en medio de la pandemia de Covid-19.<\/p>\n\n\n\n<p class=\"wp-block-paragraph\">La C\u00e1mara Baja aprob\u00f3 dos veces en las \u00faltimas semanas una ley para suspender el l\u00edmite de la deuda hasta diciembre de 2022, primero como parte de un proyecto de ley de financiaci\u00f3n del gobierno y despu\u00e9s como una medida independiente, se\u00f1al\u00f3 el diario The Hill.<\/p>\n\n\n\n<p class=\"wp-block-paragraph\">El Senado pas\u00f3 la semana pasada una pr\u00f3rroga del techo de la deuda a corto plazo en una votaci\u00f3n de l\u00ednea de partido, 50-48, aunque 11 republicanos se unieron a los dem\u00f3cratas para conseguir los 60 votos necesarios para superar el filibusterismo legislativo.<\/p>\n\n\n\n<p class=\"wp-block-paragraph\">La Casa Blanca y los dem\u00f3cratas del Congreso insistieron durante semanas en que el acto deb\u00eda ser bipartidista, como sucedi\u00f3 durante a\u00f1os, y argumentaron que hacerlo ahora no era cubrir el gasto de la agenda de Biden.<\/p>\n\n\n\n<p class=\"wp-block-paragraph\">Despu\u00e9s del sufragio, el l\u00edder de la minor\u00eda del Senado, Mitch McConnell, prometi\u00f3 que el Partido Republicano no ayudar\u00eda a los dem\u00f3cratas a aumentar el techo de la deuda cuando haya que hacerlo de nuevo en diciembre.<\/p>\n\n\n\n<p class=\"wp-block-paragraph\">Tal anuncio obligar\u00eda a los de la fuerza azul a enfrentarse a la posibilidad de elevarlo mediante una herramienta legislativa: la reconciliaci\u00f3n presupuestaria, algo sobre lo cual se mostraron reacios algunos miembros del partido.<\/p>\n\n\n\n<p class=\"wp-block-paragraph\">La arriesgada pol\u00edtica fiscal pas\u00f3 a ser una caracter\u00edstica habitual de la pol\u00edtica de Estados Unidos durante la \u00faltima d\u00e9cada, debido a la polarizaci\u00f3n partidista, seg\u00fan analistas.<\/p>\n\n\n\n<p class=\"wp-block-paragraph\">El pa\u00eds nunca ha tenido que asumir una suspensi\u00f3n de pagos de su deuda nacional, aunque estuvo muy cerca en 2011, lo cual desat\u00f3 el caos en mercados financieros y la agencia de calificaci\u00f3n de riesgo Standard &amp; Poor&#8217;s le rebaj\u00f3 la nota crediticia.<\/p>\n\n\n\n<p class=\"has-text-align-right wp-block-paragraph\"><em>PL<\/em><\/p>\n","protected":false},"excerpt":{"rendered":"<p>\u00a0WASHINGTON, EEUU.- El presidente Joe Biden firm\u00f3 un proyecto de ley para elevar en 480 mil millones de d\u00f3lares el techo de deuda de Estados Unidos, evitando un impago al menos hasta diciembre. La C\u00e1mara de Representantes interrumpi\u00f3 su receso programado y vot\u00f3 a primera hora del d\u00eda para elevar el l\u00edmite de la deuda [&hellip;]<\/p>\n","protected":false},"author":1,"featured_media":0,"comment_status":"open","ping_status":"open","sticky":false,"template":"","format":"standard","meta":{"_bbp_topic_count":0,"_bbp_reply_count":0,"_bbp_total_topic_count":0,"_bbp_total_reply_count":0,"_bbp_voice_count":0,"_bbp_anonymous_reply_count":0,"_bbp_topic_count_hidden":0,"_bbp_reply_count_hidden":0,"_bbp_forum_subforum_count":0,"footnotes":""},"categories":[35,60],"tags":[],"class_list":["post-352809","post","type-post","status-publish","format-standard","category-economia","category-titulares-del-dia"],"_links":{"self":[{"href":"https:\/\/primermomento.com\/index.php?rest_route=\/wp\/v2\/posts\/352809","targetHints":{"allow":["GET"]}}],"collection":[{"href":"https:\/\/primermomento.com\/index.php?rest_route=\/wp\/v2\/posts"}],"about":[{"href":"https:\/\/primermomento.com\/index.php?rest_route=\/wp\/v2\/types\/post"}],"author":[{"embeddable":true,"href":"https:\/\/primermomento.com\/index.php?rest_route=\/wp\/v2\/users\/1"}],"replies":[{"embeddable":true,"href":"https:\/\/primermomento.com\/index.php?rest_route=%2Fwp%2Fv2%2Fcomments&post=352809"}],"version-history":[{"count":1,"href":"https:\/\/primermomento.com\/index.php?rest_route=\/wp\/v2\/posts\/352809\/revisions"}],"predecessor-version":[{"id":352810,"href":"https:\/\/primermomento.com\/index.php?rest_route=\/wp\/v2\/posts\/352809\/revisions\/352810"}],"wp:attachment":[{"href":"https:\/\/primermomento.com\/index.php?rest_route=%2Fwp%2Fv2%2Fmedia&parent=352809"}],"wp:term":[{"taxonomy":"category","embeddable":true,"href":"https:\/\/primermomento.com\/index.php?rest_route=%2Fwp%2Fv2%2Fcategories&post=352809"},{"taxonomy":"post_tag","embeddable":true,"href":"https:\/\/primermomento.com\/index.php?rest_route=%2Fwp%2Fv2%2Ftags&post=352809"}],"curies":[{"name":"wp","href":"https:\/\/api.w.org\/{rel}","templated":true}]}}