{"id":353238,"date":"2021-10-22T08:30:00","date_gmt":"2021-10-22T12:30:00","guid":{"rendered":"http:\/\/primermomento.com\/?p=353238"},"modified":"2021-10-22T14:02:27","modified_gmt":"2021-10-22T18:02:27","slug":"presidente-luis-abinader-anuncia-recuperacion-economica","status":"publish","type":"post","link":"https:\/\/primermomento.com\/?p=353238","title":{"rendered":"Presidente Luis Abinader anuncia recuperaci\u00f3n econ\u00f3mica"},"content":{"rendered":"\n<p class=\"wp-block-paragraph\">SANTO DOMINGO, Rep\u00fablica Dominicana.- El presidente de Rep\u00fablica Dominicana, Luis Abinader, anunci\u00f3 hoy que varios sectores de la econom\u00eda nacional est\u00e1n recuperados del impacto de la crisis provocada por la Covid-19.<\/p>\n\n\n\n<div class=\"wp-block-image\"><figure class=\"aligncenter size-large\"><img loading=\"lazy\" decoding=\"async\" width=\"558\" height=\"383\" src=\"http:\/\/primermomento.com\/wp-content\/uploads\/2021\/07\/abinader-y-aumento-salarios1.jpg\" alt=\"\" class=\"wp-image-347697\" srcset=\"https:\/\/primermomento.com\/wp-content\/uploads\/2021\/07\/abinader-y-aumento-salarios1.jpg 558w, https:\/\/primermomento.com\/wp-content\/uploads\/2021\/07\/abinader-y-aumento-salarios1-300x206.jpg 300w, https:\/\/primermomento.com\/wp-content\/uploads\/2021\/07\/abinader-y-aumento-salarios1-73x50.jpg 73w, https:\/\/primermomento.com\/wp-content\/uploads\/2021\/07\/abinader-y-aumento-salarios1-110x77.jpg 110w, https:\/\/primermomento.com\/wp-content\/uploads\/2021\/07\/abinader-y-aumento-salarios1-500x343.jpg 500w, https:\/\/primermomento.com\/wp-content\/uploads\/2021\/07\/abinader-y-aumento-salarios1-280x192.jpg 280w, https:\/\/primermomento.com\/wp-content\/uploads\/2021\/07\/abinader-y-aumento-salarios1-60x40.jpg 60w, https:\/\/primermomento.com\/wp-content\/uploads\/2021\/07\/abinader-y-aumento-salarios1-118x81.jpg 118w, https:\/\/primermomento.com\/wp-content\/uploads\/2021\/07\/abinader-y-aumento-salarios1-479x329.jpg 479w\" sizes=\"auto, (max-width: 558px) 100vw, 558px\" \/><\/figure><\/div>\n\n\n\n<p class=\"wp-block-paragraph\">Lo anterior fue dicho por el mandatario en el Foro Mipymes y Covid-19 hacia una recuperaci\u00f3n sostenible, en el cual tambi\u00e9n expres\u00f3 que m\u00e1s all\u00e1 de las grandes distorsiones concernientes al transporte de materias primas, el pa\u00eds sali\u00f3 adelante en la recuperaci\u00f3n en distintas esferas.<\/p>\n\n\n\n<p class=\"wp-block-paragraph\">&#8216;Ya la econom\u00eda est\u00e1 en proceso de franca recuperaci\u00f3n, va a crecer con m\u00e1s de dos d\u00edgitos este a\u00f1o, ya est\u00e1 recuperada la zona franca, el turismo y las micro, peque\u00f1as y medianas empresas (Mipymes) deben acompa\u00f1ar esa recuperaci\u00f3n y vamos a ayudarlas a ir en ese proceso&#8217;, agreg\u00f3.<\/p>\n\n\n\n<p class=\"wp-block-paragraph\">Asimismo, agradeci\u00f3 a las distintas asociaciones que agrupan a las Mipymes a pesar de las condiciones generadas durante la pandemia.<\/p>\n\n\n\n<p class=\"wp-block-paragraph\">Abinader expres\u00f3 que las mencionadas empresas son pilares fundamentales para la sostenibilidad del pa\u00eds, pues constituyen el 98 por ciento del tejido empresarial y el 50 por ciento de empleos.<\/p>\n\n\n\n<p class=\"has-text-align-right wp-block-paragraph\"><em>PL<\/em><\/p>\n","protected":false},"excerpt":{"rendered":"<p>SANTO DOMINGO, Rep\u00fablica Dominicana.- El presidente de Rep\u00fablica Dominicana, Luis Abinader, anunci\u00f3 hoy que varios sectores de la econom\u00eda nacional est\u00e1n recuperados del impacto de la crisis provocada por la Covid-19. Lo anterior fue dicho por el mandatario en el Foro Mipymes y Covid-19 hacia una recuperaci\u00f3n sostenible, en el cual tambi\u00e9n expres\u00f3 que m\u00e1s [&hellip;]<\/p>\n","protected":false},"author":1,"featured_media":0,"comment_status":"open","ping_status":"open","sticky":false,"template":"","format":"standard","meta":{"_bbp_topic_count":0,"_bbp_reply_count":0,"_bbp_total_topic_count":0,"_bbp_total_reply_count":0,"_bbp_voice_count":0,"_bbp_anonymous_reply_count":0,"_bbp_topic_count_hidden":0,"_bbp_reply_count_hidden":0,"_bbp_forum_subforum_count":0,"footnotes":""},"categories":[35,60],"tags":[],"class_list":["post-353238","post","type-post","status-publish","format-standard","category-economia","category-titulares-del-dia"],"_links":{"self":[{"href":"https:\/\/primermomento.com\/index.php?rest_route=\/wp\/v2\/posts\/353238","targetHints":{"allow":["GET"]}}],"collection":[{"href":"https:\/\/primermomento.com\/index.php?rest_route=\/wp\/v2\/posts"}],"about":[{"href":"https:\/\/primermomento.com\/index.php?rest_route=\/wp\/v2\/types\/post"}],"author":[{"embeddable":true,"href":"https:\/\/primermomento.com\/index.php?rest_route=\/wp\/v2\/users\/1"}],"replies":[{"embeddable":true,"href":"https:\/\/primermomento.com\/index.php?rest_route=%2Fwp%2Fv2%2Fcomments&post=353238"}],"version-history":[{"count":1,"href":"https:\/\/primermomento.com\/index.php?rest_route=\/wp\/v2\/posts\/353238\/revisions"}],"predecessor-version":[{"id":353239,"href":"https:\/\/primermomento.com\/index.php?rest_route=\/wp\/v2\/posts\/353238\/revisions\/353239"}],"wp:attachment":[{"href":"https:\/\/primermomento.com\/index.php?rest_route=%2Fwp%2Fv2%2Fmedia&parent=353238"}],"wp:term":[{"taxonomy":"category","embeddable":true,"href":"https:\/\/primermomento.com\/index.php?rest_route=%2Fwp%2Fv2%2Fcategories&post=353238"},{"taxonomy":"post_tag","embeddable":true,"href":"https:\/\/primermomento.com\/index.php?rest_route=%2Fwp%2Fv2%2Ftags&post=353238"}],"curies":[{"name":"wp","href":"https:\/\/api.w.org\/{rel}","templated":true}]}}