{"id":353275,"date":"2021-10-23T11:35:30","date_gmt":"2021-10-23T15:35:30","guid":{"rendered":"http:\/\/primermomento.com\/?p=353275"},"modified":"2021-10-23T11:35:31","modified_gmt":"2021-10-23T15:35:31","slug":"banl-ayuntamiento-acondiciona-parque-central-marcos-a-cabral","status":"publish","type":"post","link":"https:\/\/primermomento.com\/?p=353275","title":{"rendered":"BAN\u013a | Ayuntamiento acondiciona parque central Marcos A. Cabral"},"content":{"rendered":"\n<p>BAN\u013a, Rep\u00fablica Dominicana.- El parque central Marcos A. Cabral, por disposici\u00f3n del alcalde Santo Ram\u00edrez, fue acondicionado en todas sus \u00e1reas mediante los trabajos de poda y corte de gramas que llev\u00f3 a cabo el departamento Plazas y Parques del Ayuntamiento de Ban\u00ed que preside Wilson Guerrero.<\/p>\n\n\n\n<div class=\"wp-block-image\"><figure class=\"aligncenter size-large\"><img loading=\"lazy\" decoding=\"async\" width=\"558\" height=\"372\" src=\"http:\/\/primermomento.com\/wp-content\/uploads\/2021\/10\/parque-central.jpg\" alt=\"\" class=\"wp-image-353276\" srcset=\"https:\/\/primermomento.com\/wp-content\/uploads\/2021\/10\/parque-central.jpg 558w, https:\/\/primermomento.com\/wp-content\/uploads\/2021\/10\/parque-central-300x200.jpg 300w, https:\/\/primermomento.com\/wp-content\/uploads\/2021\/10\/parque-central-73x50.jpg 73w, https:\/\/primermomento.com\/wp-content\/uploads\/2021\/10\/parque-central-500x333.jpg 500w, https:\/\/primermomento.com\/wp-content\/uploads\/2021\/10\/parque-central-280x187.jpg 280w, https:\/\/primermomento.com\/wp-content\/uploads\/2021\/10\/parque-central-60x40.jpg 60w, https:\/\/primermomento.com\/wp-content\/uploads\/2021\/10\/parque-central-118x79.jpg 118w, https:\/\/primermomento.com\/wp-content\/uploads\/2021\/10\/parque-central-479x319.jpg 479w\" sizes=\"auto, (max-width: 558px) 100vw, 558px\" \/><\/figure><\/div>\n\n\n\n<p>De igual modo, fueron instalados siete zafacones negros con el prop\u00f3sito de que quienes frecuenten el lugar de recreaci\u00f3n no tengan la necesidad de depositar los desechos s\u00f3lidos por doquier.<\/p>\n\n\n\n<p>Estos aseos se realizan muy a menudo por esta dependencia del cabildo banilejo en todos los parques del municipio, para mantener en \u00f3ptimas condiciones espacios de sano esparcimiento, donde mayormente acuden los mun\u00edcipes en familia.<\/p>\n","protected":false},"excerpt":{"rendered":"<p>BAN\u013a, Rep\u00fablica Dominicana.- El parque central Marcos A. Cabral, por disposici\u00f3n del alcalde Santo Ram\u00edrez, fue acondicionado en todas sus \u00e1reas mediante los trabajos de poda y corte de gramas que llev\u00f3 a cabo el departamento Plazas y Parques del Ayuntamiento de Ban\u00ed que preside Wilson Guerrero. De igual modo, fueron instalados siete zafacones negros [&hellip;]<\/p>\n","protected":false},"author":1,"featured_media":0,"comment_status":"open","ping_status":"open","sticky":false,"template":"","format":"standard","meta":{"_bbp_topic_count":0,"_bbp_reply_count":0,"_bbp_total_topic_count":0,"_bbp_total_reply_count":0,"_bbp_voice_count":0,"_bbp_anonymous_reply_count":0,"_bbp_topic_count_hidden":0,"_bbp_reply_count_hidden":0,"_bbp_forum_subforum_count":0,"footnotes":""},"categories":[30,60],"tags":[],"class_list":{"0":"post-353275","1":"post","2":"type-post","3":"status-publish","4":"format-standard","6":"category-actualidad","7":"category-titulares-del-dia"},"_links":{"self":[{"href":"https:\/\/primermomento.com\/index.php?rest_route=\/wp\/v2\/posts\/353275","targetHints":{"allow":["GET"]}}],"collection":[{"href":"https:\/\/primermomento.com\/index.php?rest_route=\/wp\/v2\/posts"}],"about":[{"href":"https:\/\/primermomento.com\/index.php?rest_route=\/wp\/v2\/types\/post"}],"author":[{"embeddable":true,"href":"https:\/\/primermomento.com\/index.php?rest_route=\/wp\/v2\/users\/1"}],"replies":[{"embeddable":true,"href":"https:\/\/primermomento.com\/index.php?rest_route=%2Fwp%2Fv2%2Fcomments&post=353275"}],"version-history":[{"count":1,"href":"https:\/\/primermomento.com\/index.php?rest_route=\/wp\/v2\/posts\/353275\/revisions"}],"predecessor-version":[{"id":353277,"href":"https:\/\/primermomento.com\/index.php?rest_route=\/wp\/v2\/posts\/353275\/revisions\/353277"}],"wp:attachment":[{"href":"https:\/\/primermomento.com\/index.php?rest_route=%2Fwp%2Fv2%2Fmedia&parent=353275"}],"wp:term":[{"taxonomy":"category","embeddable":true,"href":"https:\/\/primermomento.com\/index.php?rest_route=%2Fwp%2Fv2%2Fcategories&post=353275"},{"taxonomy":"post_tag","embeddable":true,"href":"https:\/\/primermomento.com\/index.php?rest_route=%2Fwp%2Fv2%2Ftags&post=353275"}],"curies":[{"name":"wp","href":"https:\/\/api.w.org\/{rel}","templated":true}]}}