{"id":353537,"date":"2021-10-27T14:12:46","date_gmt":"2021-10-27T18:12:46","guid":{"rendered":"http:\/\/primermomento.com\/?p=353537"},"modified":"2021-10-27T14:12:47","modified_gmt":"2021-10-27T18:12:47","slug":"comerciantes-reconocen-clima-de-confianza-para-invertir-en-el-pais","status":"publish","type":"post","link":"https:\/\/primermomento.com\/?p=353537","title":{"rendered":"Comerciantes reconocen clima de confianza para invertir en el pa\u00eds"},"content":{"rendered":"\n<p class=\"wp-block-paragraph\">SANTO DOMINGO, Rep\u00fablica Dominicana.- El presidente\u00a0Luis Abinader fue reconocido hoy con el\u201d\u00a0Premio Juan Pablo Duarte\u201d, que le fue otorgado por la Federaci\u00f3n Dominicana de Comerciantes (FDC) por el apoyo brindado al sector y por el clima de confianza para invertir en la Rep\u00fablica Dominicana durante los 14 meses de su Gobierno.\u00a0<\/p>\n\n\n\n<div class=\"wp-block-image\"><figure class=\"aligncenter size-large\"><img loading=\"lazy\" decoding=\"async\" width=\"687\" height=\"387\" src=\"http:\/\/primermomento.com\/wp-content\/uploads\/2021\/10\/comerciantes-y-abinader1.jpg\" alt=\"\" class=\"wp-image-353538\" srcset=\"https:\/\/primermomento.com\/wp-content\/uploads\/2021\/10\/comerciantes-y-abinader1.jpg 687w, https:\/\/primermomento.com\/wp-content\/uploads\/2021\/10\/comerciantes-y-abinader1-300x169.jpg 300w, https:\/\/primermomento.com\/wp-content\/uploads\/2021\/10\/comerciantes-y-abinader1-478x270.jpg 478w, https:\/\/primermomento.com\/wp-content\/uploads\/2021\/10\/comerciantes-y-abinader1-500x282.jpg 500w, https:\/\/primermomento.com\/wp-content\/uploads\/2021\/10\/comerciantes-y-abinader1-280x158.jpg 280w, https:\/\/primermomento.com\/wp-content\/uploads\/2021\/10\/comerciantes-y-abinader1-638x359.jpg 638w, https:\/\/primermomento.com\/wp-content\/uploads\/2021\/10\/comerciantes-y-abinader1-118x66.jpg 118w, https:\/\/primermomento.com\/wp-content\/uploads\/2021\/10\/comerciantes-y-abinader1-479x270.jpg 479w\" sizes=\"auto, (max-width: 687px) 100vw, 687px\" \/><\/figure><\/div>\n\n\n\n<p class=\"wp-block-paragraph\">Durante el acto de celebraci\u00f3n del 47 aniversario de la organizaci\u00f3n, tambi\u00e9n fueron reconocidos el ministro de Agricultura, Limber Cruz, y el director de la Polic\u00eda Nacional, Eduardo Alberto Then.&nbsp;<\/p>\n\n\n\n<p class=\"wp-block-paragraph\">El presidente de la FDC, Iv\u00e1n Garc\u00eda, hizo la entrega del reconocimiento junto a otros dirigentes, al tiempo de resaltar la transparencia en el manejo del Estado, la que calific\u00f3 como la mayor en la historia del pa\u00eds.&nbsp;Igualmente resalt\u00f3 que&nbsp;Abinader es el presidente que tiene mayor&nbsp;nivel de comunicaci\u00f3n. \u00abSiempre est\u00e1 disponible, y sin importar la hora&nbsp;devuelve los mensajes\u00bb, dijo.<\/p>\n\n\n\n<p class=\"wp-block-paragraph\">Agreg\u00f3 que el gobierno que encabeza el mandatario actual es el mejor ejemplo para la presente y las futuras generaciones.&nbsp;<\/p>\n\n\n\n<p class=\"wp-block-paragraph\">El dirigente comercial tambi\u00e9n agradeci\u00f3 el apoyo, pues el sector comercial ha recibido a&nbsp;trav\u00e9s de Promipyme, m\u00e1s de&nbsp;5,000 millones de pesos a una tasa preferencial.<\/p>\n\n\n\n<p class=\"wp-block-paragraph\">Indic\u00f3 que 1.9 millones de personas trabajan en el sector comercio y que, en sentido general, han tomado prestado 188,894 millones de pesos. De esos pr\u00e9stamos, el 33.75%&nbsp; fue tomado por&nbsp; los comerciantes. Incluso, el Banco de Reservas abri\u00f3 una l\u00ednea de cr\u00e9dito&nbsp;por 2,000 millones de pesos a seis meses de gracia, seg\u00fan expuso.&nbsp;<\/p>\n\n\n\n<p class=\"wp-block-paragraph\">Asegur\u00f3 tambi\u00e9n que la entidad luchar\u00e1 junto a la Polic\u00eda Nacional para combatir la delincuencia en el pa\u00eds.&nbsp;<\/p>\n\n\n\n<p class=\"wp-block-paragraph\">En la actividad estuvieron presentes el ministro de Interior y Polic\u00eda, Jes\u00fas V\u00e1squez; Geanilda V\u00e1squez, ministra sin cartera, as\u00ed como dirigentes del sector comercio.<\/p>\n","protected":false},"excerpt":{"rendered":"<p>SANTO DOMINGO, Rep\u00fablica Dominicana.- El presidente\u00a0Luis Abinader fue reconocido hoy con el\u201d\u00a0Premio Juan Pablo Duarte\u201d, que le fue otorgado por la Federaci\u00f3n Dominicana de Comerciantes (FDC) por el apoyo brindado al sector y por el clima de confianza para invertir en la Rep\u00fablica Dominicana durante los 14 meses de su Gobierno.\u00a0 Durante el acto de [&hellip;]<\/p>\n","protected":false},"author":1,"featured_media":0,"comment_status":"open","ping_status":"open","sticky":false,"template":"","format":"standard","meta":{"_bbp_topic_count":0,"_bbp_reply_count":0,"_bbp_total_topic_count":0,"_bbp_total_reply_count":0,"_bbp_voice_count":0,"_bbp_anonymous_reply_count":0,"_bbp_topic_count_hidden":0,"_bbp_reply_count_hidden":0,"_bbp_forum_subforum_count":0,"footnotes":""},"categories":[35,60],"tags":[],"class_list":["post-353537","post","type-post","status-publish","format-standard","category-economia","category-titulares-del-dia"],"_links":{"self":[{"href":"https:\/\/primermomento.com\/index.php?rest_route=\/wp\/v2\/posts\/353537","targetHints":{"allow":["GET"]}}],"collection":[{"href":"https:\/\/primermomento.com\/index.php?rest_route=\/wp\/v2\/posts"}],"about":[{"href":"https:\/\/primermomento.com\/index.php?rest_route=\/wp\/v2\/types\/post"}],"author":[{"embeddable":true,"href":"https:\/\/primermomento.com\/index.php?rest_route=\/wp\/v2\/users\/1"}],"replies":[{"embeddable":true,"href":"https:\/\/primermomento.com\/index.php?rest_route=%2Fwp%2Fv2%2Fcomments&post=353537"}],"version-history":[{"count":1,"href":"https:\/\/primermomento.com\/index.php?rest_route=\/wp\/v2\/posts\/353537\/revisions"}],"predecessor-version":[{"id":353539,"href":"https:\/\/primermomento.com\/index.php?rest_route=\/wp\/v2\/posts\/353537\/revisions\/353539"}],"wp:attachment":[{"href":"https:\/\/primermomento.com\/index.php?rest_route=%2Fwp%2Fv2%2Fmedia&parent=353537"}],"wp:term":[{"taxonomy":"category","embeddable":true,"href":"https:\/\/primermomento.com\/index.php?rest_route=%2Fwp%2Fv2%2Fcategories&post=353537"},{"taxonomy":"post_tag","embeddable":true,"href":"https:\/\/primermomento.com\/index.php?rest_route=%2Fwp%2Fv2%2Ftags&post=353537"}],"curies":[{"name":"wp","href":"https:\/\/api.w.org\/{rel}","templated":true}]}}