{"id":354172,"date":"2021-11-08T16:47:00","date_gmt":"2021-11-08T20:47:00","guid":{"rendered":"http:\/\/primermomento.com\/?p=354172"},"modified":"2021-11-08T19:50:34","modified_gmt":"2021-11-08T23:50:34","slug":"presidente-abinader-recibe-en-el-palacio-nacional-a-marc-anthony","status":"publish","type":"post","link":"https:\/\/primermomento.com\/?p=354172","title":{"rendered":"Presidente Abinader recibe en el Palacio Nacional a Marc Anthony"},"content":{"rendered":"\n<p class=\"wp-block-paragraph\">SANTO DOMINGO, Rep\u00fablica Dominicana.- El presidente Luis Abinader recibi\u00f3 este lunes en el Palacio Nacional al artista puertorrique\u00f1o-estadounidense Marc Anthony, con quien convers\u00f3 sobre distintos temas, entre ellos las oportunidades que ofrece la regi\u00f3n, las inversiones y las ayudas a la gente.<\/p>\n\n\n\n<div class=\"wp-block-image\"><figure class=\"aligncenter size-large\"><img loading=\"lazy\" decoding=\"async\" width=\"567\" height=\"319\" src=\"http:\/\/primermomento.com\/wp-content\/uploads\/2021\/11\/abinader-y-marc-anthony1.jpg\" alt=\"\" class=\"wp-image-354173\" srcset=\"https:\/\/primermomento.com\/wp-content\/uploads\/2021\/11\/abinader-y-marc-anthony1.jpg 567w, https:\/\/primermomento.com\/wp-content\/uploads\/2021\/11\/abinader-y-marc-anthony1-300x169.jpg 300w, https:\/\/primermomento.com\/wp-content\/uploads\/2021\/11\/abinader-y-marc-anthony1-478x270.jpg 478w, https:\/\/primermomento.com\/wp-content\/uploads\/2021\/11\/abinader-y-marc-anthony1-500x281.jpg 500w, https:\/\/primermomento.com\/wp-content\/uploads\/2021\/11\/abinader-y-marc-anthony1-280x158.jpg 280w, https:\/\/primermomento.com\/wp-content\/uploads\/2021\/11\/abinader-y-marc-anthony1-118x66.jpg 118w, https:\/\/primermomento.com\/wp-content\/uploads\/2021\/11\/abinader-y-marc-anthony1-479x269.jpg 479w\" sizes=\"auto, (max-width: 567px) 100vw, 567px\" \/><\/figure><\/div>\n\n\n\n<p class=\"wp-block-paragraph\">Al bajar las escalinatas de la parte frontal de la casa de gobierno, Marc Anthony fue cuestionado por los periodistas. A ellos expres\u00f3 su agrado de que el jefe de Estado lo haya recibido y afirm\u00f3 que al visitar Rep\u00fablica Dominicana se siente en casa.<\/p>\n\n\n\n<p class=\"wp-block-paragraph\">\u201cEstuvimos hablando con el presidente Abinader de las diferentes oportunidades que tiene la regi\u00f3n\u201d, indic\u00f3 el afamado artista.<\/p>\n\n\n\n<p class=\"wp-block-paragraph\">Agreg\u00f3 adem\u00e1s que, \u201chay que abrir un di\u00e1logo de c\u00f3mo ayudar a la gente, o sea, los gobiernos locales, m\u00e1s que nada en el Caribe. despu\u00e9s del COVID\u201d.<\/p>\n\n\n\n<p class=\"wp-block-paragraph\">Sostuvo que actualmente hay muchas oportunidades para ayudar a la gente con inversiones privadas.<\/p>\n\n\n\n<p class=\"wp-block-paragraph\">De su lado, el ministro de Industria y Comercio, V\u00edctor (Ito) Bison\u00f3, al comentar a la prensa sobre la visita del artista al mandatario, dijo que la misma obedec\u00eda a los lazos de Anthony con el presidente Abinader.<\/p>\n\n\n\n<p class=\"wp-block-paragraph\">\u201cEste pa\u00eds es la segunda casa para Marc Anthony. Adem\u00e1s, su visita es una se\u00f1al de confianza y amistad\u201d, indic\u00f3 el ministro.<\/p>\n\n\n\n<p class=\"wp-block-paragraph\">El artista estuvo acompa\u00f1ado del empresario Juan Jos\u00e9 Arteaga junto a sus representantes y managers.<\/p>\n\n\n\n<p class=\"wp-block-paragraph\">Marco Antonio Mu\u00f1iz Rivera naci\u00f3 en Nueva York el 16 de septiembre de 1968. M\u00e1s conocido c\u00f3mo Marc Anthony, es un cantautor y actor puertorrique\u00f1o-estadounidense, cuyos temas van desde la salsa, pasando por el bolero, la balada y el pop.<\/p>\n\n\n\n<p class=\"wp-block-paragraph\">Empez\u00f3 su carrera discogr\u00e1fica en el g\u00e9nero hip hop con el d\u00fao Little Louie &amp; Marc Anthony, con el cual lleg\u00f3 al N.\u00ba 1 de las listas estadounidenses en 1991.<\/p>\n\n\n\n<p class=\"wp-block-paragraph\">Ralph Mercado lo fich\u00f3 para su sello RMM en esa fecha y lo lanz\u00f3 como cantante de salsa, consiguiendo un gran \u00e9xito que dur\u00f3 a\u00f1os, desde su primer sencillo con la canci\u00f3n \u00abHasta que te conoc\u00ed\u00bb de Juan Gabriel que fue N.\u00ba 1 en ventas.<\/p>\n","protected":false},"excerpt":{"rendered":"<p>SANTO DOMINGO, Rep\u00fablica Dominicana.- El presidente Luis Abinader recibi\u00f3 este lunes en el Palacio Nacional al artista puertorrique\u00f1o-estadounidense Marc Anthony, con quien convers\u00f3 sobre distintos temas, entre ellos las oportunidades que ofrece la regi\u00f3n, las inversiones y las ayudas a la gente. Al bajar las escalinatas de la parte frontal de la casa de gobierno, [&hellip;]<\/p>\n","protected":false},"author":1,"featured_media":0,"comment_status":"open","ping_status":"open","sticky":false,"template":"","format":"standard","meta":{"_bbp_topic_count":0,"_bbp_reply_count":0,"_bbp_total_topic_count":0,"_bbp_total_reply_count":0,"_bbp_voice_count":0,"_bbp_anonymous_reply_count":0,"_bbp_topic_count_hidden":0,"_bbp_reply_count_hidden":0,"_bbp_forum_subforum_count":0,"footnotes":""},"categories":[39,60],"tags":[],"class_list":["post-354172","post","type-post","status-publish","format-standard","category-entretenimiento","category-titulares-del-dia"],"_links":{"self":[{"href":"https:\/\/primermomento.com\/index.php?rest_route=\/wp\/v2\/posts\/354172","targetHints":{"allow":["GET"]}}],"collection":[{"href":"https:\/\/primermomento.com\/index.php?rest_route=\/wp\/v2\/posts"}],"about":[{"href":"https:\/\/primermomento.com\/index.php?rest_route=\/wp\/v2\/types\/post"}],"author":[{"embeddable":true,"href":"https:\/\/primermomento.com\/index.php?rest_route=\/wp\/v2\/users\/1"}],"replies":[{"embeddable":true,"href":"https:\/\/primermomento.com\/index.php?rest_route=%2Fwp%2Fv2%2Fcomments&post=354172"}],"version-history":[{"count":1,"href":"https:\/\/primermomento.com\/index.php?rest_route=\/wp\/v2\/posts\/354172\/revisions"}],"predecessor-version":[{"id":354174,"href":"https:\/\/primermomento.com\/index.php?rest_route=\/wp\/v2\/posts\/354172\/revisions\/354174"}],"wp:attachment":[{"href":"https:\/\/primermomento.com\/index.php?rest_route=%2Fwp%2Fv2%2Fmedia&parent=354172"}],"wp:term":[{"taxonomy":"category","embeddable":true,"href":"https:\/\/primermomento.com\/index.php?rest_route=%2Fwp%2Fv2%2Fcategories&post=354172"},{"taxonomy":"post_tag","embeddable":true,"href":"https:\/\/primermomento.com\/index.php?rest_route=%2Fwp%2Fv2%2Ftags&post=354172"}],"curies":[{"name":"wp","href":"https:\/\/api.w.org\/{rel}","templated":true}]}}