{"id":354267,"date":"2021-11-10T03:16:00","date_gmt":"2021-11-10T07:16:00","guid":{"rendered":"http:\/\/primermomento.com\/?p=354267"},"modified":"2021-11-10T09:19:17","modified_gmt":"2021-11-10T13:19:17","slug":"mescyt-recibe-del-senador-hector-acosta-solicitud-de-mas-de-300-becas","status":"publish","type":"post","link":"https:\/\/primermomento.com\/?p=354267","title":{"rendered":"Mescyt recibe del senador H\u00e9ctor Acosta solicitud de m\u00e1s de 300 becas"},"content":{"rendered":"\n<p class=\"wp-block-paragraph\">SANTO DOMINGO, Rep\u00fablica Dominicana.- El ministro de Educaci\u00f3n Superior, Ciencia y Tecnolog\u00eda, doctor Franklin Garc\u00eda Ferm\u00edn, recibi\u00f3 este martes en su despacho la visita del senador de la provincia de Monse\u00f1or Nouel, H\u00e9ctor Acosta, quien solicit\u00f3 el otorgamiento de m\u00e1s de 300 becas nacionales para los estudiantes de esa demarcaci\u00f3n.<\/p>\n\n\n\n<div class=\"wp-block-image\"><figure class=\"aligncenter size-large\"><img loading=\"lazy\" decoding=\"async\" width=\"587\" height=\"428\" src=\"http:\/\/primermomento.com\/wp-content\/uploads\/2021\/11\/El-Torito-y-el-Mescyt.jpg\" alt=\"\" class=\"wp-image-354268\" srcset=\"https:\/\/primermomento.com\/wp-content\/uploads\/2021\/11\/El-Torito-y-el-Mescyt.jpg 587w, https:\/\/primermomento.com\/wp-content\/uploads\/2021\/11\/El-Torito-y-el-Mescyt-300x219.jpg 300w, https:\/\/primermomento.com\/wp-content\/uploads\/2021\/11\/El-Torito-y-el-Mescyt-500x365.jpg 500w, https:\/\/primermomento.com\/wp-content\/uploads\/2021\/11\/El-Torito-y-el-Mescyt-280x204.jpg 280w, https:\/\/primermomento.com\/wp-content\/uploads\/2021\/11\/El-Torito-y-el-Mescyt-118x86.jpg 118w, https:\/\/primermomento.com\/wp-content\/uploads\/2021\/11\/El-Torito-y-el-Mescyt-479x349.jpg 479w\" sizes=\"auto, (max-width: 587px) 100vw, 587px\" \/><\/figure><\/div>\n\n\n\n<p class=\"wp-block-paragraph\">Durante el encuentro, el titular del Ministerio de Educaci\u00f3n Superior, Ciencia y Tecnolog\u00eda (Mescyt) dijo que el inter\u00e9s del presidente Luis Abinader es ayudar a los estudiantes del pa\u00eds para que puedan superarse con el objetivo de servir a la sociedad dominicana.<\/p>\n\n\n\n<p class=\"wp-block-paragraph\">Garc\u00eda Ferm\u00edn recibi\u00f3 con regocijo las solicitudes de becas para los estudiantes de Monse\u00f1or Nouel y expres\u00f3 que las autoridades del Mescyt evaluar\u00e1n cada uno de los expedientes entregados por el legislador Acosta.<\/p>\n\n\n\n<p class=\"wp-block-paragraph\">Resalt\u00f3 el gesto del legislador del Partido Revolucionario Moderno (PRM) por mostrar el inter\u00e9s de contribuir a la superaci\u00f3n profesional de los estudiantes de Monse\u00f1or Nouel.<\/p>\n\n\n\n<p class=\"wp-block-paragraph\">\u201cAgradezco el gesto del senador Monse\u00f1or Nouel, quien ha mostrado un inter\u00e9s a favor de la juventud estudiosa dominicana, y principalmente por la juventud de su provincia Monse\u00f1or Nouel\u201d, indic\u00f3.<\/p>\n\n\n\n<p class=\"wp-block-paragraph\">Garc\u00eda Ferm\u00edn asegur\u00f3 que el presidente Abinader ha tomado medidas efectivas para que los estudiantes dominicanos puedan ampliar sus conocimientos a trav\u00e9s del otorgamiento de becas.<\/p>\n\n\n\n<p class=\"wp-block-paragraph\">De su lado, el senador Acosta agradeci\u00f3 el gesto del ministro del Mescyt y su disposici\u00f3n de hacer todos los esfuerzos necesarios para que los estudiantes de Monse\u00f1or Nouel puedan ser beneficiados con el otorgamiento de becas nacionales.<\/p>\n\n\n\n<p class=\"wp-block-paragraph\">Dijo que Garc\u00eda Ferm\u00edn es un funcionario de una alta sensibilidad social que ha venido contribuyendo a la superaci\u00f3n de los estudiantes dominicanos.<\/p>\n\n\n\n<p class=\"wp-block-paragraph\">\u201cYo creo que los estudiantes de mi provincia Monse\u00f1or Nouel deben estar tranquilos y con la esperanza siempre arriba de que vamos, con Dios delante, a lograr el objetivo de que vayan a una universidad a lograr la carrera que deseen\u201d, precis\u00f3 Acosta.<\/p>\n\n\n\n<p class=\"wp-block-paragraph\">En el encuentro con el legislador Acosta, el doctor Garc\u00eda Ferm\u00edn estuvo acompa\u00f1ado del licenciado Rafael Mart\u00ednez, coordinador de Becas Nacionales del Mescyt y otros funcionarios.<\/p>\n\n\n\n<p class=\"wp-block-paragraph\"><\/p>\n","protected":false},"excerpt":{"rendered":"<p>SANTO DOMINGO, Rep\u00fablica Dominicana.- El ministro de Educaci\u00f3n Superior, Ciencia y Tecnolog\u00eda, doctor Franklin Garc\u00eda Ferm\u00edn, recibi\u00f3 este martes en su despacho la visita del senador de la provincia de Monse\u00f1or Nouel, H\u00e9ctor Acosta, quien solicit\u00f3 el otorgamiento de m\u00e1s de 300 becas nacionales para los estudiantes de esa demarcaci\u00f3n. Durante el encuentro, el titular [&hellip;]<\/p>\n","protected":false},"author":1,"featured_media":0,"comment_status":"open","ping_status":"open","sticky":false,"template":"","format":"standard","meta":{"_bbp_topic_count":0,"_bbp_reply_count":0,"_bbp_total_topic_count":0,"_bbp_total_reply_count":0,"_bbp_voice_count":0,"_bbp_anonymous_reply_count":0,"_bbp_topic_count_hidden":0,"_bbp_reply_count_hidden":0,"_bbp_forum_subforum_count":0,"footnotes":""},"categories":[39,60],"tags":[],"class_list":["post-354267","post","type-post","status-publish","format-standard","category-entretenimiento","category-titulares-del-dia"],"_links":{"self":[{"href":"https:\/\/primermomento.com\/index.php?rest_route=\/wp\/v2\/posts\/354267","targetHints":{"allow":["GET"]}}],"collection":[{"href":"https:\/\/primermomento.com\/index.php?rest_route=\/wp\/v2\/posts"}],"about":[{"href":"https:\/\/primermomento.com\/index.php?rest_route=\/wp\/v2\/types\/post"}],"author":[{"embeddable":true,"href":"https:\/\/primermomento.com\/index.php?rest_route=\/wp\/v2\/users\/1"}],"replies":[{"embeddable":true,"href":"https:\/\/primermomento.com\/index.php?rest_route=%2Fwp%2Fv2%2Fcomments&post=354267"}],"version-history":[{"count":1,"href":"https:\/\/primermomento.com\/index.php?rest_route=\/wp\/v2\/posts\/354267\/revisions"}],"predecessor-version":[{"id":354269,"href":"https:\/\/primermomento.com\/index.php?rest_route=\/wp\/v2\/posts\/354267\/revisions\/354269"}],"wp:attachment":[{"href":"https:\/\/primermomento.com\/index.php?rest_route=%2Fwp%2Fv2%2Fmedia&parent=354267"}],"wp:term":[{"taxonomy":"category","embeddable":true,"href":"https:\/\/primermomento.com\/index.php?rest_route=%2Fwp%2Fv2%2Fcategories&post=354267"},{"taxonomy":"post_tag","embeddable":true,"href":"https:\/\/primermomento.com\/index.php?rest_route=%2Fwp%2Fv2%2Ftags&post=354267"}],"curies":[{"name":"wp","href":"https:\/\/api.w.org\/{rel}","templated":true}]}}