{"id":354798,"date":"2021-11-22T14:36:37","date_gmt":"2021-11-22T18:36:37","guid":{"rendered":"http:\/\/primermomento.com\/?p=354798"},"modified":"2021-11-22T14:37:21","modified_gmt":"2021-11-22T18:37:21","slug":"banl-alcalde-y-vicealcaldesa-participaron-en-actos-de-la-virgen","status":"publish","type":"post","link":"https:\/\/primermomento.com\/?p=354798","title":{"rendered":"BAN\u013a | Alcalde y vicealcaldesa participaron en actos de la Virgen"},"content":{"rendered":"\n<p>BAN\u013a, Rep\u00fablica Dominicana.- Este domingo 21 de noviembre el alcalde Santo Ram\u00edrez junto a la vicealcaldesa Adriana Soto, particip\u00f3 en la misa central que tradicionalmente para esta fecha se celebra en la Catedral con motivo al \u00abD\u00eda de la Virgen Nuestra Se\u00f1ora de Regla\u00bb patrona del pueblo de Ban\u00ed.<\/p>\n\n\n\n<div class=\"wp-block-image\"><figure class=\"aligncenter size-full\"><img loading=\"lazy\" decoding=\"async\" width=\"563\" height=\"375\" src=\"http:\/\/primermomento.com\/wp-content\/uploads\/2021\/11\/Procesion-a-la-Virgen-de-Regla-51.jpg\" alt=\"\" class=\"wp-image-354799\" srcset=\"https:\/\/primermomento.com\/wp-content\/uploads\/2021\/11\/Procesion-a-la-Virgen-de-Regla-51.jpg 563w, https:\/\/primermomento.com\/wp-content\/uploads\/2021\/11\/Procesion-a-la-Virgen-de-Regla-51-300x200.jpg 300w, https:\/\/primermomento.com\/wp-content\/uploads\/2021\/11\/Procesion-a-la-Virgen-de-Regla-51-73x50.jpg 73w, https:\/\/primermomento.com\/wp-content\/uploads\/2021\/11\/Procesion-a-la-Virgen-de-Regla-51-500x333.jpg 500w, https:\/\/primermomento.com\/wp-content\/uploads\/2021\/11\/Procesion-a-la-Virgen-de-Regla-51-280x187.jpg 280w, https:\/\/primermomento.com\/wp-content\/uploads\/2021\/11\/Procesion-a-la-Virgen-de-Regla-51-60x40.jpg 60w, https:\/\/primermomento.com\/wp-content\/uploads\/2021\/11\/Procesion-a-la-Virgen-de-Regla-51-118x79.jpg 118w, https:\/\/primermomento.com\/wp-content\/uploads\/2021\/11\/Procesion-a-la-Virgen-de-Regla-51-479x319.jpg 479w\" sizes=\"auto, (max-width: 563px) 100vw, 563px\" \/><\/figure><\/div>\n\n\n\n<p class=\"has-text-align-left\">La eucarist\u00eda fue presidida por el obispo V\u00edctor Masalles y el padre Botello, donde se realizaron alabanzas a Dios por regalarle a Bani la preciosa devoci\u00f3n de la Virgen del Regla. Fue le\u00eddo el libro del profeta Isa\u00edas cap\u00edtulo 7, vers\u00edculo 14, donde dice: \u00abHe aqu\u00ed que la virgen concebir\u00e1 y dar\u00e1 a luz un hijo, y le pondr\u00e1 por nombre Emmanuel\u00bb\u00bb, anunciando el momento de que el milagro divino ya estaba en su vientre.<\/p>\n\n\n\n<p>El alcalde Santo Ram\u00edrez acompa\u00f1\u00f3 la reina de las Fiestas Patronales Rashel Pimentel ante el altar de la Virgen de Regla, donde la jovencita interpret\u00f3 a capela la canci\u00f3n Ave Mar\u00eda.<\/p>\n\n\n\n<p>Sostuvo que la Virgen de Regla ha intercedido por los banilejos que le creen y es mucho el significado que tiene para sus fieles devotos.<\/p>\n\n\n\n<p>Dijo esperar que cada mun\u00edcipe adquiera un comportamiento \u00edntegro apegado a los principios de Dios siempre compartiendo como en familia, ya que la verdadera riqueza est\u00e1 en la unidad.<\/p>\n\n\n\n<p>La actividad religiosa estuvo dedicada a todas las autoridades civiles y militares de la provincia, as\u00ed como instituciones entre ellas Alianza Banileja, Banilejos Ausentes, Polic\u00eda Nacional, Defensa Civil, Cruz Roja, Cuerpo de Bomberos, juntas de vecinos y la sociedad en sentido general.<\/p>\n\n\n\n<p>Dijeron presente en la eucarist\u00eda, las autoridades provinciales y municipales y militares, adem\u00e1s de personalidades destacadas y varios residentes del exterior del pa\u00eds que cada a\u00f1o vienen para esta conmemoraci\u00f3n cat\u00f3lica.<\/p>\n\n\n\n<p>M\u00e1s tarde como es costumbre, ccomo parte de los actos religiosos se efectu\u00f3 efectuando la tradicional procesi\u00f3n a la virgen junto a la feligres\u00eda cat\u00f3lica, el alcalde, las reinas y las dem\u00e1s autoridades civiles y militares, que estuvo muy motivada elevando plegarias a la patrona del pueblo de Ban\u00ed mediante canciones interpretadas a capela y la marcha entonada por la Banda de M\u00fasica municipal.<\/p>\n\n\n\n<p>La Banda de M\u00fasica Municipal estuvo amenizando durante el recorrido con los toques de bater\u00eda que anuncian la entrada triunfal de la carroza de la madre protectora por cada uno de los hogares, donde la gente de las diversas calles e intercepciones caminadas le tomaban fotos y veneraban su imagen inmaculada.<\/p>\n\n\n\n<p>Ni\u00f1os, j\u00f3venes, adultos y hasta envejecientes dijeron presente en esta peregrinaci\u00f3n que abarc\u00f3 las calles S\u00e1nchez Oeste hasta llegar a la Duverg\u00e9, doblando a la izquierda para recorrerla de Norte a Sur hasta llegar a la Cambronal, de ah\u00ed se parti\u00f3 hasta la Nuestra Se\u00f1ora de Regla, doblando a la izquierda en la calle S\u00e1nchez para llegar a la catedral donde concluy\u00f3 la procesi\u00f3n.<\/p>\n","protected":false},"excerpt":{"rendered":"<p>BAN\u013a, Rep\u00fablica Dominicana.- Este domingo 21 de noviembre el alcalde Santo Ram\u00edrez junto a la vicealcaldesa Adriana Soto, particip\u00f3 en la misa central que tradicionalmente para esta fecha se celebra en la Catedral con motivo al \u00abD\u00eda de la Virgen Nuestra Se\u00f1ora de Regla\u00bb patrona del pueblo de Ban\u00ed. La eucarist\u00eda fue presidida por el [&hellip;]<\/p>\n","protected":false},"author":1,"featured_media":0,"comment_status":"open","ping_status":"open","sticky":false,"template":"","format":"standard","meta":{"_bbp_topic_count":0,"_bbp_reply_count":0,"_bbp_total_topic_count":0,"_bbp_total_reply_count":0,"_bbp_voice_count":0,"_bbp_anonymous_reply_count":0,"_bbp_topic_count_hidden":0,"_bbp_reply_count_hidden":0,"_bbp_forum_subforum_count":0,"footnotes":""},"categories":[60,32],"tags":[],"class_list":{"0":"post-354798","1":"post","2":"type-post","3":"status-publish","4":"format-standard","6":"category-titulares-del-dia","7":"category-lo-ultimo"},"_links":{"self":[{"href":"https:\/\/primermomento.com\/index.php?rest_route=\/wp\/v2\/posts\/354798","targetHints":{"allow":["GET"]}}],"collection":[{"href":"https:\/\/primermomento.com\/index.php?rest_route=\/wp\/v2\/posts"}],"about":[{"href":"https:\/\/primermomento.com\/index.php?rest_route=\/wp\/v2\/types\/post"}],"author":[{"embeddable":true,"href":"https:\/\/primermomento.com\/index.php?rest_route=\/wp\/v2\/users\/1"}],"replies":[{"embeddable":true,"href":"https:\/\/primermomento.com\/index.php?rest_route=%2Fwp%2Fv2%2Fcomments&post=354798"}],"version-history":[{"count":1,"href":"https:\/\/primermomento.com\/index.php?rest_route=\/wp\/v2\/posts\/354798\/revisions"}],"predecessor-version":[{"id":354800,"href":"https:\/\/primermomento.com\/index.php?rest_route=\/wp\/v2\/posts\/354798\/revisions\/354800"}],"wp:attachment":[{"href":"https:\/\/primermomento.com\/index.php?rest_route=%2Fwp%2Fv2%2Fmedia&parent=354798"}],"wp:term":[{"taxonomy":"category","embeddable":true,"href":"https:\/\/primermomento.com\/index.php?rest_route=%2Fwp%2Fv2%2Fcategories&post=354798"},{"taxonomy":"post_tag","embeddable":true,"href":"https:\/\/primermomento.com\/index.php?rest_route=%2Fwp%2Fv2%2Ftags&post=354798"}],"curies":[{"name":"wp","href":"https:\/\/api.w.org\/{rel}","templated":true}]}}