{"id":355378,"date":"2021-12-03T09:51:00","date_gmt":"2021-12-03T13:51:00","guid":{"rendered":"http:\/\/primermomento.com\/?p=355378"},"modified":"2021-12-03T12:56:07","modified_gmt":"2021-12-03T16:56:07","slug":"tercera-finalista-de-famoso-concurso-visita-al-consul-eligio-jaquez","status":"publish","type":"post","link":"https:\/\/primermomento.com\/?p=355378","title":{"rendered":"Tercera finalista de famoso concurso visita al c\u00f3nsul Eligio J\u00e1quez"},"content":{"rendered":"\n<p class=\"wp-block-paragraph\">NUEVA YORK, EEUU.- La tercera finalista del famoso concurso Nuestra Belleza Latina, la dominicana G\u00e9nesis Suero gir\u00f3 una visita de cortes\u00eda al se\u00f1or C\u00f3nsul de la Rep\u00fablica Dominicana, ingeniero Eligio J\u00e1quez.<\/p>\n\n\n\n<div class=\"wp-block-image\"><figure class=\"aligncenter size-full\"><img loading=\"lazy\" decoding=\"async\" width=\"498\" height=\"399\" src=\"http:\/\/primermomento.com\/wp-content\/uploads\/2021\/12\/Belleza-Latina-y-consul-ny.jpg\" alt=\"\" class=\"wp-image-355379\" srcset=\"https:\/\/primermomento.com\/wp-content\/uploads\/2021\/12\/Belleza-Latina-y-consul-ny.jpg 498w, https:\/\/primermomento.com\/wp-content\/uploads\/2021\/12\/Belleza-Latina-y-consul-ny-300x240.jpg 300w, https:\/\/primermomento.com\/wp-content\/uploads\/2021\/12\/Belleza-Latina-y-consul-ny-80x63.jpg 80w, https:\/\/primermomento.com\/wp-content\/uploads\/2021\/12\/Belleza-Latina-y-consul-ny-275x220.jpg 275w, https:\/\/primermomento.com\/wp-content\/uploads\/2021\/12\/Belleza-Latina-y-consul-ny-118x95.jpg 118w, https:\/\/primermomento.com\/wp-content\/uploads\/2021\/12\/Belleza-Latina-y-consul-ny-479x384.jpg 479w\" sizes=\"auto, (max-width: 498px) 100vw, 498px\" \/><\/figure><\/div>\n\n\n\n<p class=\"wp-block-paragraph\">La beldad lleg\u00f3 en compa\u00f1\u00eda de su representante Jos\u00e9 Ceballos, productor de televisi\u00f3n en Rep\u00fablica Dominicana de Teleuniverso, de la ciudad de Santiago, adem\u00e1s de la se\u00f1orita Yranit Hern\u00e1ndez, residente en esta ciudad de New York.<\/p>\n\n\n\n<p class=\"wp-block-paragraph\">G\u00e9nesis Suero es nativa de la provincia de Barahona al Sur de Rep\u00fablica Dominicana y reside por 17 a\u00f1os en el condado de El Bronx, quien fuera coronada en el 2018 como Miss New York. Fue la \u00fanica dominicana que lleg\u00f3 a la final en donde audicionaron m\u00e1s de 6 mil j\u00f3venes de diferentes pa\u00edses.<\/p>\n\n\n\n<p class=\"wp-block-paragraph\">Por su parte, el representante consular dijo&nbsp; que el Consulado de la Rep\u00fablica Dominicana y toda la comunidad criolla se sienten orgullosa y alegre del triunfo alcanzado por la se\u00f1orita Suero, quien con su acci\u00f3n &nbsp;pone en alto la bandera tricolor de nuestro pa\u00eds.<\/p>\n\n\n\n<p class=\"wp-block-paragraph\">La tercera finalista del concurso Nuestra Belleza Latina y Miss New York recibi\u00f3 un libro de regalo del C\u00f3nsul, al tiempo que le ofreci\u00f3&nbsp; todo el apoyo moral en sus aspiraciones de seguir concursando en otros cert\u00e1menes de belleza.<\/p>\n","protected":false},"excerpt":{"rendered":"<p>NUEVA YORK, EEUU.- La tercera finalista del famoso concurso Nuestra Belleza Latina, la dominicana G\u00e9nesis Suero gir\u00f3 una visita de cortes\u00eda al se\u00f1or C\u00f3nsul de la Rep\u00fablica Dominicana, ingeniero Eligio J\u00e1quez. La beldad lleg\u00f3 en compa\u00f1\u00eda de su representante Jos\u00e9 Ceballos, productor de televisi\u00f3n en Rep\u00fablica Dominicana de Teleuniverso, de la ciudad de Santiago, adem\u00e1s [&hellip;]<\/p>\n","protected":false},"author":1,"featured_media":0,"comment_status":"open","ping_status":"open","sticky":false,"template":"","format":"standard","meta":{"_bbp_topic_count":0,"_bbp_reply_count":0,"_bbp_total_topic_count":0,"_bbp_total_reply_count":0,"_bbp_voice_count":0,"_bbp_anonymous_reply_count":0,"_bbp_topic_count_hidden":0,"_bbp_reply_count_hidden":0,"_bbp_forum_subforum_count":0,"footnotes":""},"categories":[39,60],"tags":[],"class_list":["post-355378","post","type-post","status-publish","format-standard","category-entretenimiento","category-titulares-del-dia"],"_links":{"self":[{"href":"https:\/\/primermomento.com\/index.php?rest_route=\/wp\/v2\/posts\/355378","targetHints":{"allow":["GET"]}}],"collection":[{"href":"https:\/\/primermomento.com\/index.php?rest_route=\/wp\/v2\/posts"}],"about":[{"href":"https:\/\/primermomento.com\/index.php?rest_route=\/wp\/v2\/types\/post"}],"author":[{"embeddable":true,"href":"https:\/\/primermomento.com\/index.php?rest_route=\/wp\/v2\/users\/1"}],"replies":[{"embeddable":true,"href":"https:\/\/primermomento.com\/index.php?rest_route=%2Fwp%2Fv2%2Fcomments&post=355378"}],"version-history":[{"count":1,"href":"https:\/\/primermomento.com\/index.php?rest_route=\/wp\/v2\/posts\/355378\/revisions"}],"predecessor-version":[{"id":355380,"href":"https:\/\/primermomento.com\/index.php?rest_route=\/wp\/v2\/posts\/355378\/revisions\/355380"}],"wp:attachment":[{"href":"https:\/\/primermomento.com\/index.php?rest_route=%2Fwp%2Fv2%2Fmedia&parent=355378"}],"wp:term":[{"taxonomy":"category","embeddable":true,"href":"https:\/\/primermomento.com\/index.php?rest_route=%2Fwp%2Fv2%2Fcategories&post=355378"},{"taxonomy":"post_tag","embeddable":true,"href":"https:\/\/primermomento.com\/index.php?rest_route=%2Fwp%2Fv2%2Ftags&post=355378"}],"curies":[{"name":"wp","href":"https:\/\/api.w.org\/{rel}","templated":true}]}}