{"id":355765,"date":"2021-12-10T08:09:00","date_gmt":"2021-12-10T12:09:00","guid":{"rendered":"http:\/\/primermomento.com\/?p=355765"},"modified":"2021-12-10T18:13:56","modified_gmt":"2021-12-10T22:13:56","slug":"murio-destacada-actriz-mexicana-carmen-salinas","status":"publish","type":"post","link":"https:\/\/primermomento.com\/?p=355765","title":{"rendered":"Muri\u00f3 destacada actriz mexicana Carmen Salinas"},"content":{"rendered":"\n<p class=\"wp-block-paragraph\">CIUDAD DE MEXICO, M\u00e9xico.- La destacada y multifac\u00e9tica actriz mexicana Carmen Salinas falleci\u00f3 a los 82 a\u00f1os de edad despu\u00e9s de varias semanas de un accidente cerebral que la mantuvo hospitalizada todo este tiempo, divulgaron hoy medios locales.<\/p>\n\n\n\n<div class=\"wp-block-image\"><figure class=\"aligncenter size-full\"><img loading=\"lazy\" decoding=\"async\" width=\"393\" height=\"498\" src=\"http:\/\/primermomento.com\/wp-content\/uploads\/2021\/12\/Carmen-Salinas-Mexico-11.jpg\" alt=\"\" class=\"wp-image-355766\" srcset=\"https:\/\/primermomento.com\/wp-content\/uploads\/2021\/12\/Carmen-Salinas-Mexico-11.jpg 393w, https:\/\/primermomento.com\/wp-content\/uploads\/2021\/12\/Carmen-Salinas-Mexico-11-237x300.jpg 237w, https:\/\/primermomento.com\/wp-content\/uploads\/2021\/12\/Carmen-Salinas-Mexico-11-174x220.jpg 174w, https:\/\/primermomento.com\/wp-content\/uploads\/2021\/12\/Carmen-Salinas-Mexico-11-118x150.jpg 118w\" sizes=\"auto, (max-width: 393px) 100vw, 393px\" \/><figcaption><em> Carmen Salinas <\/em> <\/figcaption><\/figure><\/div>\n\n\n\n<p class=\"wp-block-paragraph\">M\u00e9xico pierde as\u00ed a una de sus m\u00e1s emblem\u00e1ticas artistas de las pantallas grande y peque\u00f1a, productora y empresaria de esas artes, pero en especial una de las m\u00e1s queridas, carism\u00e1ticas y vers\u00e1tiles actrices de todos los tiempos.<\/p>\n\n\n\n<p class=\"wp-block-paragraph\">Salinas estaba hospitalizada y en terapia intensiva en un nosocomio de la colonia Roma, en la capital este pa\u00eds, y desde su ingreso nunca pudo abandonar el hospital, donde muri\u00f3 la v\u00edspera.<\/p>\n\n\n\n<p class=\"wp-block-paragraph\">Carmen naci\u00f3 en Torre\u00f3n, Coahuila, el 5 de octubre de 1933, y desde muy joven, su carisma la acerc\u00f3 a la comedia, donde su papel como La Corcholata la hizo triunfar en el medio del espect\u00e1culo, se\u00f1ala la nota con parte de su curr\u00edculo art\u00edstico.<\/p>\n\n\n\n<p class=\"wp-block-paragraph\">Desde temprana edad descubri\u00f3 que estaba hecha para divertir y entretener a los dem\u00e1s y finalmente dio el salto profesional a los 25 a\u00f1os.<\/p>\n\n\n\n<p class=\"wp-block-paragraph\">En sus casi seis d\u00e9cadas de carrera hizo casi de todo: bailar, actuar, imitar, ser productora, comediante y hasta ostentar un cargo p\u00fablico, facetas que, detalla la nota, disfrut\u00f3 y la ayudaron en los peores momentos de su vida.<\/p>\n\n\n\n<p class=\"wp-block-paragraph\">Le encantaba hacer imitaciones y lleg\u00f3 a hacer m\u00e1s de 100 voces diferentes, cont\u00f3 ella misma hace poco.<\/p>\n\n\n\n<p class=\"wp-block-paragraph\">Para mi fue dif\u00edcil seguir haci\u00e9ndolo cuando muri\u00f3 mi hijo Pedro porque \u00e9l era quien musicalizaba todo y pensar en que alguien m\u00e1s tocara las partituras que \u00e9l hab\u00eda creado era algo que no podr\u00eda haber soportado, se\u00f1al\u00f3.<\/p>\n\n\n\n<p class=\"wp-block-paragraph\">Su debut oficial sucedi\u00f3 en 1969 con la cinta La vida in\u00fatil de Pito P\u00e9rez.<\/p>\n\n\n\n<p class=\"wp-block-paragraph\">En televisi\u00f3n fue el productor Ernesto Alonso quien le dio su primera oportunidad en la telenovela La vecindad, de 1964, a la cual le siguieron La frontera y Sublime redenci\u00f3n.<\/p>\n\n\n\n<p class=\"wp-block-paragraph\">Desde entonces, form\u00f3 parte de m\u00e1s de 100 programas de cine y televisi\u00f3n, siendo los \u00faltimos Mi fortuna es amarte y Perdiendo el juicio.<\/p>\n\n\n\n<p class=\"wp-block-paragraph\">Es recordada por sus participaciones en pel\u00edculas \u00abde ficheras\u00bb, como Bellas de Noche, La Pulquer\u00eda y Las Cari\u00f1osas, pero tambi\u00e9n incursion\u00f3 en el cine internacional en Hombre en llamas y La misma luna.<\/p>\n\n\n\n<p class=\"wp-block-paragraph\">En 1997 se convirti\u00f3 en empresaria cuando produjo y encabez\u00f3 la primera puesta en escena de Aventurera, junto a Edith Gonz\u00e1lez, Alejandro Tommasi y Eduardo Santamarina.<\/p>\n\n\n\n<p class=\"wp-block-paragraph\">Esta fue por 15 a\u00f1os la obra m\u00e1s exitosa de M\u00e9xico.<\/p>\n\n\n\n<p class=\"has-text-align-right wp-block-paragraph\"><em>PL<\/em><\/p>\n","protected":false},"excerpt":{"rendered":"<p>CIUDAD DE MEXICO, M\u00e9xico.- La destacada y multifac\u00e9tica actriz mexicana Carmen Salinas falleci\u00f3 a los 82 a\u00f1os de edad despu\u00e9s de varias semanas de un accidente cerebral que la mantuvo hospitalizada todo este tiempo, divulgaron hoy medios locales. M\u00e9xico pierde as\u00ed a una de sus m\u00e1s emblem\u00e1ticas artistas de las pantallas grande y peque\u00f1a, productora [&hellip;]<\/p>\n","protected":false},"author":1,"featured_media":0,"comment_status":"open","ping_status":"open","sticky":false,"template":"","format":"standard","meta":{"_bbp_topic_count":0,"_bbp_reply_count":0,"_bbp_total_topic_count":0,"_bbp_total_reply_count":0,"_bbp_voice_count":0,"_bbp_anonymous_reply_count":0,"_bbp_topic_count_hidden":0,"_bbp_reply_count_hidden":0,"_bbp_forum_subforum_count":0,"footnotes":""},"categories":[39,60],"tags":[],"class_list":["post-355765","post","type-post","status-publish","format-standard","category-entretenimiento","category-titulares-del-dia"],"_links":{"self":[{"href":"https:\/\/primermomento.com\/index.php?rest_route=\/wp\/v2\/posts\/355765","targetHints":{"allow":["GET"]}}],"collection":[{"href":"https:\/\/primermomento.com\/index.php?rest_route=\/wp\/v2\/posts"}],"about":[{"href":"https:\/\/primermomento.com\/index.php?rest_route=\/wp\/v2\/types\/post"}],"author":[{"embeddable":true,"href":"https:\/\/primermomento.com\/index.php?rest_route=\/wp\/v2\/users\/1"}],"replies":[{"embeddable":true,"href":"https:\/\/primermomento.com\/index.php?rest_route=%2Fwp%2Fv2%2Fcomments&post=355765"}],"version-history":[{"count":1,"href":"https:\/\/primermomento.com\/index.php?rest_route=\/wp\/v2\/posts\/355765\/revisions"}],"predecessor-version":[{"id":355767,"href":"https:\/\/primermomento.com\/index.php?rest_route=\/wp\/v2\/posts\/355765\/revisions\/355767"}],"wp:attachment":[{"href":"https:\/\/primermomento.com\/index.php?rest_route=%2Fwp%2Fv2%2Fmedia&parent=355765"}],"wp:term":[{"taxonomy":"category","embeddable":true,"href":"https:\/\/primermomento.com\/index.php?rest_route=%2Fwp%2Fv2%2Fcategories&post=355765"},{"taxonomy":"post_tag","embeddable":true,"href":"https:\/\/primermomento.com\/index.php?rest_route=%2Fwp%2Fv2%2Ftags&post=355765"}],"curies":[{"name":"wp","href":"https:\/\/api.w.org\/{rel}","templated":true}]}}