{"id":355822,"date":"2021-12-13T07:57:00","date_gmt":"2021-12-13T11:57:00","guid":{"rendered":"http:\/\/primermomento.com\/?p=355822"},"modified":"2021-12-13T13:00:18","modified_gmt":"2021-12-13T17:00:18","slug":"propone-declaren-el-11-de-diciembre-dia-nacional-de-la-bachata","status":"publish","type":"post","link":"https:\/\/primermomento.com\/?p=355822","title":{"rendered":"Propone declaren el 11 de diciembre D\u00eda Nacional de la Bachata"},"content":{"rendered":"\n<p class=\"wp-block-paragraph\">SANTO DOMINGO, Rep\u00fablica Dominicana.- La Academia Dominicana de Periodistas de Arte y Espect\u00e1culos (ADOPAE) propuso el presidente de la Rep\u00fablica, Luis Abinader, acoger la propuesta de declarar el 11 de diciembre como D\u00eda Nacional de la Bachata, para rememorar, entre otros hitos, el logro de haber obtenido el R\u00e9cord Guinness tras haber ejecutado el \u201cBaile de bachata m\u00e1s grande del mundo\u201d.<\/p>\n\n\n\n<div class=\"wp-block-image\"><figure class=\"aligncenter size-full\"><img loading=\"lazy\" decoding=\"async\" width=\"680\" height=\"453\" src=\"http:\/\/primermomento.com\/wp-content\/uploads\/2021\/12\/Bachata-record-guinness.jpeg\" alt=\"\" class=\"wp-image-355823\" srcset=\"https:\/\/primermomento.com\/wp-content\/uploads\/2021\/12\/Bachata-record-guinness.jpeg 680w, https:\/\/primermomento.com\/wp-content\/uploads\/2021\/12\/Bachata-record-guinness-300x200.jpeg 300w, https:\/\/primermomento.com\/wp-content\/uploads\/2021\/12\/Bachata-record-guinness-73x50.jpeg 73w, https:\/\/primermomento.com\/wp-content\/uploads\/2021\/12\/Bachata-record-guinness-500x333.jpeg 500w, https:\/\/primermomento.com\/wp-content\/uploads\/2021\/12\/Bachata-record-guinness-280x187.jpeg 280w, https:\/\/primermomento.com\/wp-content\/uploads\/2021\/12\/Bachata-record-guinness-60x40.jpeg 60w, https:\/\/primermomento.com\/wp-content\/uploads\/2021\/12\/Bachata-record-guinness-638x425.jpeg 638w, https:\/\/primermomento.com\/wp-content\/uploads\/2021\/12\/Bachata-record-guinness-118x79.jpeg 118w, https:\/\/primermomento.com\/wp-content\/uploads\/2021\/12\/Bachata-record-guinness-479x319.jpeg 479w\" sizes=\"auto, (max-width: 680px) 100vw, 680px\" \/><\/figure><\/div>\n\n\n\n<p class=\"wp-block-paragraph\">La entidad educativa, que preside el periodista Severo Rivera, consider\u00f3 de gran trascendencia cultural que un grupo de artistas se propusiera desplazar del r\u00e9cord de bachata a Polonia, para reivindicarlo para la Rep\u00fablica Dominicana en el libro de Records Guinness.<\/p>\n\n\n\n<p class=\"wp-block-paragraph\">El documento p\u00fablico se\u00f1ala que la bachata es un ritmo que identifica la dominicanidad en el mundo, como ha sido reconocido por la Organizaci\u00f3n de las Naciones Unidas para la Educaci\u00f3n la Ciencia y la Cultura (UNESCO) que el 11 de diciembre del 2019 declar\u00f3 a este popular ritmo como Patrimonio Cultural Inmaterial de la Humanidad.<\/p>\n\n\n\n<p class=\"wp-block-paragraph\">Recuerda que la UNESCO, ese 11 de diciembre, estableci\u00f3 que la bachata es un patrimonio vivo que forma parte integrante de todas las celebraciones populares y tradicionales de la Rep\u00fablica Dominicana. \u201cEl baile se empieza a aprender espont\u00e1neamente por doquier desde la infancia\u201d, subray\u00f3 la entidad fundada el 10 de julio del 2021.<\/p>\n\n\n\n<p class=\"wp-block-paragraph\">Al respaldar la propuesta formulada por el legendario cantante de bachata Luis, para que el 11 de diciembre sea declarado \u201cD\u00eda Nacional de la Bachata\u201d, ADOPAE indica con la decisi\u00f3n se festejar\u00edan otros hitos que han nutrido a este g\u00e9nero musical.<\/p>\n\n\n\n<p class=\"wp-block-paragraph\">\u201cAl declarar el D\u00eda Nacional de la Bachata se har\u00eda un merecido reconocimiento a la creatividad del pueblo dominicano y a los forjadores de este ritmo, y se exaltar\u00e1 lo que es indiscutiblemente una marca pa\u00eds, como lo demuestra la acogida mundial del mismo\u201d, expone ADOPAE.<\/p>\n\n\n\n<p class=\"wp-block-paragraph\">Esos hitos son que el 11 de diciembre se conmemora el aniversario de nacimiento del cantautor V\u00edctor V\u00edctor y el lanzamiento del disco Bachata Rosa de Juan Luis Guerra, como lo han destacado los organizadores del r\u00e9cord de la bachata encabezados por el cineasta y productor de espect\u00e1culos Alberto Zayas.<\/p>\n\n\n\n<p class=\"wp-block-paragraph\">\u201cLa declaratoria oficial ser\u00eda un reconocimiento a los hombres y mujeres que a trav\u00e9s de la bachata han consolidado la identidad de un pueblo musicalmente rico y lo han exportado a los m\u00e1s apartados rincones del globo terr\u00e1queo\u201d, consider\u00f3 el periodista Severo Rivera, presidente de la academia que aglutina a profesionales del periodismo.<\/p>\n","protected":false},"excerpt":{"rendered":"<p>SANTO DOMINGO, Rep\u00fablica Dominicana.- La Academia Dominicana de Periodistas de Arte y Espect\u00e1culos (ADOPAE) propuso el presidente de la Rep\u00fablica, Luis Abinader, acoger la propuesta de declarar el 11 de diciembre como D\u00eda Nacional de la Bachata, para rememorar, entre otros hitos, el logro de haber obtenido el R\u00e9cord Guinness tras haber ejecutado el \u201cBaile [&hellip;]<\/p>\n","protected":false},"author":1,"featured_media":0,"comment_status":"open","ping_status":"open","sticky":false,"template":"","format":"standard","meta":{"_bbp_topic_count":0,"_bbp_reply_count":0,"_bbp_total_topic_count":0,"_bbp_total_reply_count":0,"_bbp_voice_count":0,"_bbp_anonymous_reply_count":0,"_bbp_topic_count_hidden":0,"_bbp_reply_count_hidden":0,"_bbp_forum_subforum_count":0,"footnotes":""},"categories":[39,60],"tags":[],"class_list":["post-355822","post","type-post","status-publish","format-standard","category-entretenimiento","category-titulares-del-dia"],"_links":{"self":[{"href":"https:\/\/primermomento.com\/index.php?rest_route=\/wp\/v2\/posts\/355822","targetHints":{"allow":["GET"]}}],"collection":[{"href":"https:\/\/primermomento.com\/index.php?rest_route=\/wp\/v2\/posts"}],"about":[{"href":"https:\/\/primermomento.com\/index.php?rest_route=\/wp\/v2\/types\/post"}],"author":[{"embeddable":true,"href":"https:\/\/primermomento.com\/index.php?rest_route=\/wp\/v2\/users\/1"}],"replies":[{"embeddable":true,"href":"https:\/\/primermomento.com\/index.php?rest_route=%2Fwp%2Fv2%2Fcomments&post=355822"}],"version-history":[{"count":1,"href":"https:\/\/primermomento.com\/index.php?rest_route=\/wp\/v2\/posts\/355822\/revisions"}],"predecessor-version":[{"id":355824,"href":"https:\/\/primermomento.com\/index.php?rest_route=\/wp\/v2\/posts\/355822\/revisions\/355824"}],"wp:attachment":[{"href":"https:\/\/primermomento.com\/index.php?rest_route=%2Fwp%2Fv2%2Fmedia&parent=355822"}],"wp:term":[{"taxonomy":"category","embeddable":true,"href":"https:\/\/primermomento.com\/index.php?rest_route=%2Fwp%2Fv2%2Fcategories&post=355822"},{"taxonomy":"post_tag","embeddable":true,"href":"https:\/\/primermomento.com\/index.php?rest_route=%2Fwp%2Fv2%2Ftags&post=355822"}],"curies":[{"name":"wp","href":"https:\/\/api.w.org\/{rel}","templated":true}]}}