{"id":355882,"date":"2021-12-14T07:52:00","date_gmt":"2021-12-14T11:52:00","guid":{"rendered":"http:\/\/primermomento.com\/?p=355882"},"modified":"2021-12-14T13:56:04","modified_gmt":"2021-12-14T17:56:04","slug":"cuatro-veteranos-del-periodismo-reciben-reconocimientos-del-cdp-ny","status":"publish","type":"post","link":"https:\/\/primermomento.com\/?p=355882","title":{"rendered":"Cuatro veteranos del periodismo reciben reconocimientos del CDP-NY"},"content":{"rendered":"\n<p class=\"wp-block-paragraph\">NUEVA YORK, EEUU.- El exsecretario general de la poderosa seccional del Colegio Dominicano de Periodistas (CDP)\u00a0 del estado de New York, Erasmo Chalas Tejeda junto a Roberto Francis, secretario general actual, entregaron cuatro pergaminos de Reconocimientos a igual n\u00famero de periodistas, quienes han contribuido por m\u00e1s de 40 a\u00f1os\u00a0al ejercicio del periodismo y al mantenimiento del sistema democr\u00e1tico de la Rep\u00fablica\u00a0Dominicana.<\/p>\n\n\n\n<div class=\"wp-block-image\"><figure class=\"aligncenter size-full\"><img loading=\"lazy\" decoding=\"async\" width=\"638\" height=\"416\" src=\"http:\/\/primermomento.com\/wp-content\/uploads\/2021\/12\/CDP-NY-reconoce-periodistas.jpg\" alt=\"\" class=\"wp-image-355883\" srcset=\"https:\/\/primermomento.com\/wp-content\/uploads\/2021\/12\/CDP-NY-reconoce-periodistas.jpg 638w, https:\/\/primermomento.com\/wp-content\/uploads\/2021\/12\/CDP-NY-reconoce-periodistas-300x196.jpg 300w, https:\/\/primermomento.com\/wp-content\/uploads\/2021\/12\/CDP-NY-reconoce-periodistas-500x326.jpg 500w, https:\/\/primermomento.com\/wp-content\/uploads\/2021\/12\/CDP-NY-reconoce-periodistas-280x183.jpg 280w, https:\/\/primermomento.com\/wp-content\/uploads\/2021\/12\/CDP-NY-reconoce-periodistas-60x40.jpg 60w, https:\/\/primermomento.com\/wp-content\/uploads\/2021\/12\/CDP-NY-reconoce-periodistas-118x77.jpg 118w, https:\/\/primermomento.com\/wp-content\/uploads\/2021\/12\/CDP-NY-reconoce-periodistas-479x312.jpg 479w, https:\/\/primermomento.com\/wp-content\/uploads\/2021\/12\/CDP-NY-reconoce-periodistas-153x100.jpg 153w\" sizes=\"auto, (max-width: 638px) 100vw, 638px\" \/><\/figure><\/div>\n\n\n\n<p class=\"wp-block-paragraph\">El periodista Erasmo Chalas Tejeda dijo&nbsp; que los colegas Julio C\u00e9sar Malone, ex secretario general del CDP de Nueva York, Miguelades Bonilla Flete, Luis Jim\u00e9nez De Le\u00f3n (89 a\u00f1os), Fernando De Le\u00f3n, este \u00faltimo articulista del peri\u00f3dico El Nacional de Santo Domingo, quienes con su accionar han aportado al mantenimiento del proceso democr\u00e1tico &nbsp;y&nbsp; tambien&nbsp;decentar el ejercicio de la comunicaci\u00f3n social en esta ciudad de Nueva York.<\/p>\n\n\n\n<p class=\"wp-block-paragraph\">Malone, Bonilla, Jim\u00e9nez y De Le\u00f3n recibieron la distinci\u00f3n&nbsp;durante la fiesta de Navidad que tradicionalmente organiza la seccional del CDP en New York y en la cual asistieron&nbsp; m\u00e1s&nbsp;de 50 colegiados, comunicadores independientes e invitados especiales.<\/p>\n\n\n\n<p class=\"wp-block-paragraph\">Los periodistas reconocidos por su largo trabajo agradecieron a la directiva pasada que encabez\u00f3&nbsp;Chalas Tejeda, as\u00ed como a la actual dirigida por Roberto Francis, por haberlos &nbsp;tomado en cuenta reconociendo el tiempo que ellos tienen contribuyendo al buen periodismo dominicano.<\/p>\n\n\n\n<p class=\"wp-block-paragraph\">En el acto de entrega estuvieron presentes los veteranos periodistas Alfonso Tejeda (Fonchy), Cruz Santana, Rafael Fern\u00e1ndez (Paquete), Rafael D\u00edaz, Rafael G\u00f3mez, Gabriela Remigio, Zenit D\u00edaz, Don Luis Jim\u00e9nez, Viviana Ure\u00f1a, Dar\u00edo Abreu, Freddy P. Galarza, Arismendy Gonz\u00e1lez, Ambiorix Hern\u00e1ndez, Leonardo M\u00e9quita, C\u00e9sar N\u00fa\u00f1ez, Mar\u00eda S\u00e1nchez, Ram\u00f3n Mercedes, B\u00e9lgica Vargas, Ra\u00fal Alc\u00e1ntara, entre otros.<\/p>\n\n\n\n<p class=\"wp-block-paragraph\">Foto: No,.1- Los ex secretarios generales pasado y presente del CDP, Erasmo Chalas Tejeda y Roberto Francis, hacen entrega del pergamino al licenciado Julio C\u00e9sar Malone. Observa, Rafael Santos, ex-subsecretario general de la gesti\u00f3n pasada.<\/p>\n\n\n\n<p class=\"wp-block-paragraph\">Foto: No. 2.- Chalas Tejeda y Francis hacen entrega del reconocimiento a Don Luis Jim\u00e9nez. Observa, Viviana Ure\u00f1a, subsecretaria general actual del CDP.<\/p>\n\n\n\n<p class=\"wp-block-paragraph\">Foto-3.- Fernando De Le\u00f3n recibe el pergamino que reconoce su labor de manos de Chalas Tejeda y el se\u00f1or Roberto Francis.<\/p>\n","protected":false},"excerpt":{"rendered":"<p>NUEVA YORK, EEUU.- El exsecretario general de la poderosa seccional del Colegio Dominicano de Periodistas (CDP)\u00a0 del estado de New York, Erasmo Chalas Tejeda junto a Roberto Francis, secretario general actual, entregaron cuatro pergaminos de Reconocimientos a igual n\u00famero de periodistas, quienes han contribuido por m\u00e1s de 40 a\u00f1os\u00a0al ejercicio del periodismo y al mantenimiento [&hellip;]<\/p>\n","protected":false},"author":1,"featured_media":0,"comment_status":"open","ping_status":"open","sticky":false,"template":"","format":"standard","meta":{"_bbp_topic_count":0,"_bbp_reply_count":0,"_bbp_total_topic_count":0,"_bbp_total_reply_count":0,"_bbp_voice_count":0,"_bbp_anonymous_reply_count":0,"_bbp_topic_count_hidden":0,"_bbp_reply_count_hidden":0,"_bbp_forum_subforum_count":0,"footnotes":""},"categories":[39,60],"tags":[],"class_list":["post-355882","post","type-post","status-publish","format-standard","category-entretenimiento","category-titulares-del-dia"],"_links":{"self":[{"href":"https:\/\/primermomento.com\/index.php?rest_route=\/wp\/v2\/posts\/355882","targetHints":{"allow":["GET"]}}],"collection":[{"href":"https:\/\/primermomento.com\/index.php?rest_route=\/wp\/v2\/posts"}],"about":[{"href":"https:\/\/primermomento.com\/index.php?rest_route=\/wp\/v2\/types\/post"}],"author":[{"embeddable":true,"href":"https:\/\/primermomento.com\/index.php?rest_route=\/wp\/v2\/users\/1"}],"replies":[{"embeddable":true,"href":"https:\/\/primermomento.com\/index.php?rest_route=%2Fwp%2Fv2%2Fcomments&post=355882"}],"version-history":[{"count":1,"href":"https:\/\/primermomento.com\/index.php?rest_route=\/wp\/v2\/posts\/355882\/revisions"}],"predecessor-version":[{"id":355884,"href":"https:\/\/primermomento.com\/index.php?rest_route=\/wp\/v2\/posts\/355882\/revisions\/355884"}],"wp:attachment":[{"href":"https:\/\/primermomento.com\/index.php?rest_route=%2Fwp%2Fv2%2Fmedia&parent=355882"}],"wp:term":[{"taxonomy":"category","embeddable":true,"href":"https:\/\/primermomento.com\/index.php?rest_route=%2Fwp%2Fv2%2Fcategories&post=355882"},{"taxonomy":"post_tag","embeddable":true,"href":"https:\/\/primermomento.com\/index.php?rest_route=%2Fwp%2Fv2%2Ftags&post=355882"}],"curies":[{"name":"wp","href":"https:\/\/api.w.org\/{rel}","templated":true}]}}