{"id":356038,"date":"2021-12-17T06:28:00","date_gmt":"2021-12-17T10:28:00","guid":{"rendered":"http:\/\/primermomento.com\/?p=356038"},"modified":"2021-12-17T14:32:27","modified_gmt":"2021-12-17T18:32:27","slug":"notimex-apela-decision-de-juez-que-favorece-a-opositora-de-la-agencia","status":"publish","type":"post","link":"https:\/\/primermomento.com\/?p=356038","title":{"rendered":"Notimex apela decisi\u00f3n de juez que favorece a opositora de la agencia"},"content":{"rendered":"\n<p class=\"wp-block-paragraph\">CIUDAD DE MEXICO, M\u00e9xico.- La Agencia de Noticias de M\u00e9xico Notimex inform\u00f3 hoy que apel\u00f3 la decisi\u00f3n del juez de Control Alejandro Villar, quien rechaz\u00f3 vincular a proceso a la lideresa del exsindicato SutNotimex Adriana Urrea por delitos fiscales.<\/p>\n\n\n\n<div class=\"wp-block-image\"><figure class=\"aligncenter size-full\"><img loading=\"lazy\" decoding=\"async\" width=\"552\" height=\"357\" src=\"http:\/\/primermomento.com\/wp-content\/uploads\/2021\/12\/Adriana-Urrea1.jpg\" alt=\"\" class=\"wp-image-356039\" srcset=\"https:\/\/primermomento.com\/wp-content\/uploads\/2021\/12\/Adriana-Urrea1.jpg 552w, https:\/\/primermomento.com\/wp-content\/uploads\/2021\/12\/Adriana-Urrea1-300x194.jpg 300w, https:\/\/primermomento.com\/wp-content\/uploads\/2021\/12\/Adriana-Urrea1-500x323.jpg 500w, https:\/\/primermomento.com\/wp-content\/uploads\/2021\/12\/Adriana-Urrea1-280x181.jpg 280w, https:\/\/primermomento.com\/wp-content\/uploads\/2021\/12\/Adriana-Urrea1-60x40.jpg 60w, https:\/\/primermomento.com\/wp-content\/uploads\/2021\/12\/Adriana-Urrea1-118x76.jpg 118w, https:\/\/primermomento.com\/wp-content\/uploads\/2021\/12\/Adriana-Urrea1-479x310.jpg 479w, https:\/\/primermomento.com\/wp-content\/uploads\/2021\/12\/Adriana-Urrea1-153x100.jpg 153w\" sizes=\"auto, (max-width: 552px) 100vw, 552px\" \/><\/figure><\/div>\n\n\n\n<p class=\"wp-block-paragraph\">La decisi\u00f3n del magistrado se produjo a pesar de que la acusada confes\u00f3 haber sustra\u00eddo ilegalmente miles de notas de Notimex para su programa particular.<\/p>\n\n\n\n<p class=\"wp-block-paragraph\">En el comunicado Notimex se\u00f1al\u00f3 que Villar, denunciado hoy ante el Consejo de la Judicatura por sus malas pr\u00e1cticas en la audiencia de Urrea, no tom\u00f3 en cuenta la confesi\u00f3n de la lideresa y prefiri\u00f3 lavarse las manos y pasar el procedimiento a otro juez de Control.<\/p>\n\n\n\n<p class=\"wp-block-paragraph\">Resulta incomprensible la decisi\u00f3n del juez de Control, ya que la lideresa del SutNotimex acept\u00f3 su delito de robo de informaci\u00f3n, dijo por su parte el director Jur\u00eddico de Notimex, V\u00edctor Fern\u00e1ndez, quien a\u00f1adi\u00f3 que la Agencia agotar\u00e1 todas las instancias legales para que se rectifique esa aberraci\u00f3n jur\u00eddica.<\/p>\n\n\n\n<p class=\"wp-block-paragraph\">Notimex se\u00f1al\u00f3 que la investigaci\u00f3n contra Adriana Urrea contin\u00faa y el Ministerio P\u00fablico est\u00e1 recopilando m\u00e1s pruebas sobre el robo informativo cometido por la lideresa, as\u00ed como su relaci\u00f3n con el exl\u00edder sindical Conrado Garc\u00eda, acusado de corrupci\u00f3n.<\/p>\n\n\n\n<p class=\"wp-block-paragraph\">Asimismo, la Agencia record\u00f3 que la carpeta de investigaci\u00f3n en contra de Urrea est\u00e1 conformada por m\u00e1s de 10 mil p\u00e1ginas y tres mil 600 pruebas, en las que se demuestra c\u00f3mo rob\u00f3 notas y us\u00f3 recursos de Notimex para su beneficio.<\/p>\n\n\n\n<p class=\"wp-block-paragraph\">Cabe mencionar, se\u00f1ala la nota, que el juez Villar est\u00e1 bajo sospecha por sus laxos procedimientos contra narcotraficantes y funcionarios corruptos. Adem\u00e1s, ha sido cuestionado en el pasado por liberar a cuatro presuntos asesinos de un militar en Michoac\u00e1n.<\/p>\n\n\n\n<p class=\"has-text-align-right wp-block-paragraph\"><em>PL<\/em><\/p>\n","protected":false},"excerpt":{"rendered":"<p>CIUDAD DE MEXICO, M\u00e9xico.- La Agencia de Noticias de M\u00e9xico Notimex inform\u00f3 hoy que apel\u00f3 la decisi\u00f3n del juez de Control Alejandro Villar, quien rechaz\u00f3 vincular a proceso a la lideresa del exsindicato SutNotimex Adriana Urrea por delitos fiscales. La decisi\u00f3n del magistrado se produjo a pesar de que la acusada confes\u00f3 haber sustra\u00eddo ilegalmente [&hellip;]<\/p>\n","protected":false},"author":1,"featured_media":0,"comment_status":"open","ping_status":"open","sticky":false,"template":"","format":"standard","meta":{"_bbp_topic_count":0,"_bbp_reply_count":0,"_bbp_total_topic_count":0,"_bbp_total_reply_count":0,"_bbp_voice_count":0,"_bbp_anonymous_reply_count":0,"_bbp_topic_count_hidden":0,"_bbp_reply_count_hidden":0,"_bbp_forum_subforum_count":0,"footnotes":""},"categories":[39,60],"tags":[],"class_list":["post-356038","post","type-post","status-publish","format-standard","category-entretenimiento","category-titulares-del-dia"],"_links":{"self":[{"href":"https:\/\/primermomento.com\/index.php?rest_route=\/wp\/v2\/posts\/356038","targetHints":{"allow":["GET"]}}],"collection":[{"href":"https:\/\/primermomento.com\/index.php?rest_route=\/wp\/v2\/posts"}],"about":[{"href":"https:\/\/primermomento.com\/index.php?rest_route=\/wp\/v2\/types\/post"}],"author":[{"embeddable":true,"href":"https:\/\/primermomento.com\/index.php?rest_route=\/wp\/v2\/users\/1"}],"replies":[{"embeddable":true,"href":"https:\/\/primermomento.com\/index.php?rest_route=%2Fwp%2Fv2%2Fcomments&post=356038"}],"version-history":[{"count":1,"href":"https:\/\/primermomento.com\/index.php?rest_route=\/wp\/v2\/posts\/356038\/revisions"}],"predecessor-version":[{"id":356040,"href":"https:\/\/primermomento.com\/index.php?rest_route=\/wp\/v2\/posts\/356038\/revisions\/356040"}],"wp:attachment":[{"href":"https:\/\/primermomento.com\/index.php?rest_route=%2Fwp%2Fv2%2Fmedia&parent=356038"}],"wp:term":[{"taxonomy":"category","embeddable":true,"href":"https:\/\/primermomento.com\/index.php?rest_route=%2Fwp%2Fv2%2Fcategories&post=356038"},{"taxonomy":"post_tag","embeddable":true,"href":"https:\/\/primermomento.com\/index.php?rest_route=%2Fwp%2Fv2%2Ftags&post=356038"}],"curies":[{"name":"wp","href":"https:\/\/api.w.org\/{rel}","templated":true}]}}