{"id":356504,"date":"2021-12-29T07:35:00","date_gmt":"2021-12-29T11:35:00","guid":{"rendered":"http:\/\/primermomento.com\/?p=356504"},"modified":"2021-12-29T15:40:41","modified_gmt":"2021-12-29T19:40:41","slug":"celebran-el-17-aniversario-chacason-sector-invi-dn","status":"publish","type":"post","link":"https:\/\/primermomento.com\/?p=356504","title":{"rendered":"Celebran el 17 aniversario \u201cChacas\u00f3n\u201d sector Invi DN"},"content":{"rendered":"\n<p class=\"wp-block-paragraph\">NUEVA YORK, EEUU.- Con la asistencia de unas 300 personas residentes en el INVI, sector localizado a la altura del kil\u00f3metro 10 de la carretera S\u00e1nchez, Distrito Nacional, fue celebrado el pasado fin de semana el 17 aniversario de la entidad denominada \u201cChacas\u00f3n.<\/p>\n\n\n\n<div class=\"wp-block-image\"><figure class=\"aligncenter size-full\"><img loading=\"lazy\" decoding=\"async\" width=\"676\" height=\"338\" src=\"http:\/\/primermomento.com\/wp-content\/uploads\/2021\/12\/17-aniversario-Chacason.jpg\" alt=\"\" class=\"wp-image-356505\" srcset=\"https:\/\/primermomento.com\/wp-content\/uploads\/2021\/12\/17-aniversario-Chacason.jpg 676w, https:\/\/primermomento.com\/wp-content\/uploads\/2021\/12\/17-aniversario-Chacason-300x150.jpg 300w, https:\/\/primermomento.com\/wp-content\/uploads\/2021\/12\/17-aniversario-Chacason-500x250.jpg 500w, https:\/\/primermomento.com\/wp-content\/uploads\/2021\/12\/17-aniversario-Chacason-280x140.jpg 280w, https:\/\/primermomento.com\/wp-content\/uploads\/2021\/12\/17-aniversario-Chacason-638x319.jpg 638w, https:\/\/primermomento.com\/wp-content\/uploads\/2021\/12\/17-aniversario-Chacason-118x59.jpg 118w, https:\/\/primermomento.com\/wp-content\/uploads\/2021\/12\/17-aniversario-Chacason-479x240.jpg 479w\" sizes=\"auto, (max-width: 676px) 100vw, 676px\" \/><\/figure><\/div>\n\n\n\n<p class=\"wp-block-paragraph\">Esta actividad navide\u00f1a, \u00fanica en el pa\u00eds, se celebrada cada 25 de diciembre y los asistentes (hombres) deben vestir \u201cchacabana\u201d como requisito obligatorio para poder participar, pudiendo disfrutar gratuitamente de m\u00fasica en vivo, bebidas alcoh\u00f3licas y gaseosas, as\u00ed como de un almuerzo.<\/p>\n\n\n\n<p class=\"wp-block-paragraph\">\u201cEl Chacas\u00f3n\u201d surgi\u00f3 de la necesidad de reunir la comunidad el d\u00eda de Pascuas en un ambiente familiar, encuentro que sirve para valorizar a los residentes que se han destacados en diferentes y que son ejemplos de superaci\u00f3n a seguir por las nuevas generaciones, sostienen los organizadores del evento.<\/p>\n\n\n\n<p class=\"wp-block-paragraph\">\u201cTambi\u00e9n se les rinde homenaje a las figuras m\u00e1s destacadas, se integran a la comunidad en torno a los valores que nacen en ella y cada a\u00f1o vamos reconociendo a esos ciudadanos\u201d, indican.<\/p>\n\n\n\n<p class=\"wp-block-paragraph\">Durante el acto, celebrado en el Club de Honduras del Oeste, en esta ocasi\u00f3n fueron galardonados Rub\u00e9n Dar\u00edo Prats, basquetbolista; Juan Francisco Lora (Johnny) dirigente comunitario; Jos\u00e9 And\u00fajar, s\u00edndico de Santo Domingo Oeste; el autor de esta cr\u00f3nica, como periodista destacada en NY; y Jos\u00e9 Mej\u00eda Oviedo (Pepe) valorado deportista del sector.<\/p>\n\n\n\n<p class=\"wp-block-paragraph\">Todas esas personalidades desarrollaron su juventud en el INVI y desde entonces han contribuido con la comunidad dominicana, tanto a nivel nacional como en el extranjero, a engrandecer la dominicanidad.<\/p>\n\n\n\n<p class=\"wp-block-paragraph\">Entre los fundadores del \u201c Chacas\u00f3n\u201d figuran Henry Mej\u00eda, ex juez de la Junta Central Electoral (JCE); Ram\u00f3n Rivas, ex administrador de la Loter\u00eda Nacional; Abraham Brador, comunitario; el doctor Julio Cruz; y Oscar Fern\u00e1ndez (Godoy), t\u00e9cnico dental.<\/p>\n\n\n\n<p class=\"has-text-align-right wp-block-paragraph\"><em>Ram\u00f3n Mercedes<\/em><\/p>\n","protected":false},"excerpt":{"rendered":"<p>NUEVA YORK, EEUU.- Con la asistencia de unas 300 personas residentes en el INVI, sector localizado a la altura del kil\u00f3metro 10 de la carretera S\u00e1nchez, Distrito Nacional, fue celebrado el pasado fin de semana el 17 aniversario de la entidad denominada \u201cChacas\u00f3n. Esta actividad navide\u00f1a, \u00fanica en el pa\u00eds, se celebrada cada 25 de [&hellip;]<\/p>\n","protected":false},"author":1,"featured_media":0,"comment_status":"open","ping_status":"open","sticky":false,"template":"","format":"standard","meta":{"_bbp_topic_count":0,"_bbp_reply_count":0,"_bbp_total_topic_count":0,"_bbp_total_reply_count":0,"_bbp_voice_count":0,"_bbp_anonymous_reply_count":0,"_bbp_topic_count_hidden":0,"_bbp_reply_count_hidden":0,"_bbp_forum_subforum_count":0,"footnotes":""},"categories":[39,60],"tags":[],"class_list":["post-356504","post","type-post","status-publish","format-standard","category-entretenimiento","category-titulares-del-dia"],"_links":{"self":[{"href":"https:\/\/primermomento.com\/index.php?rest_route=\/wp\/v2\/posts\/356504","targetHints":{"allow":["GET"]}}],"collection":[{"href":"https:\/\/primermomento.com\/index.php?rest_route=\/wp\/v2\/posts"}],"about":[{"href":"https:\/\/primermomento.com\/index.php?rest_route=\/wp\/v2\/types\/post"}],"author":[{"embeddable":true,"href":"https:\/\/primermomento.com\/index.php?rest_route=\/wp\/v2\/users\/1"}],"replies":[{"embeddable":true,"href":"https:\/\/primermomento.com\/index.php?rest_route=%2Fwp%2Fv2%2Fcomments&post=356504"}],"version-history":[{"count":1,"href":"https:\/\/primermomento.com\/index.php?rest_route=\/wp\/v2\/posts\/356504\/revisions"}],"predecessor-version":[{"id":356506,"href":"https:\/\/primermomento.com\/index.php?rest_route=\/wp\/v2\/posts\/356504\/revisions\/356506"}],"wp:attachment":[{"href":"https:\/\/primermomento.com\/index.php?rest_route=%2Fwp%2Fv2%2Fmedia&parent=356504"}],"wp:term":[{"taxonomy":"category","embeddable":true,"href":"https:\/\/primermomento.com\/index.php?rest_route=%2Fwp%2Fv2%2Fcategories&post=356504"},{"taxonomy":"post_tag","embeddable":true,"href":"https:\/\/primermomento.com\/index.php?rest_route=%2Fwp%2Fv2%2Ftags&post=356504"}],"curies":[{"name":"wp","href":"https:\/\/api.w.org\/{rel}","templated":true}]}}