{"id":356844,"date":"2022-01-07T09:00:00","date_gmt":"2022-01-07T13:00:00","guid":{"rendered":"http:\/\/primermomento.com\/?p=356844"},"modified":"2022-01-07T14:57:07","modified_gmt":"2022-01-07T18:57:07","slug":"murio-sidney-poitier-el-primer-actor-negro-en-ganar-un-premio-oscar","status":"publish","type":"post","link":"https:\/\/primermomento.com\/?p=356844","title":{"rendered":"Muri\u00f3 Sidney Poitier, el primer actor negro en ganar un premio \u00d3scar"},"content":{"rendered":"\n<p class=\"wp-block-paragraph\">NASSAU, Bahamas.- Sidney Poitier, el primer actor negro en ganar un premio \u00d3scar como actor protagonista de una pel\u00edcula, falleci\u00f3 este viernes a los 94 a\u00f1os, seg\u00fan informaron fuentes gubernamentales de Bahamas.<\/p>\n\n\n\n<div class=\"wp-block-image\"><figure class=\"aligncenter size-full\"><img loading=\"lazy\" decoding=\"async\" width=\"728\" height=\"410\" src=\"http:\/\/primermomento.com\/wp-content\/uploads\/2022\/01\/Sidney-Poitier.png\" alt=\"\" class=\"wp-image-356845\" srcset=\"https:\/\/primermomento.com\/wp-content\/uploads\/2022\/01\/Sidney-Poitier.png 728w, https:\/\/primermomento.com\/wp-content\/uploads\/2022\/01\/Sidney-Poitier-300x169.png 300w, https:\/\/primermomento.com\/wp-content\/uploads\/2022\/01\/Sidney-Poitier-478x270.png 478w, https:\/\/primermomento.com\/wp-content\/uploads\/2022\/01\/Sidney-Poitier-500x282.png 500w, https:\/\/primermomento.com\/wp-content\/uploads\/2022\/01\/Sidney-Poitier-280x158.png 280w, https:\/\/primermomento.com\/wp-content\/uploads\/2022\/01\/Sidney-Poitier-638x359.png 638w, https:\/\/primermomento.com\/wp-content\/uploads\/2022\/01\/Sidney-Poitier-118x66.png 118w, https:\/\/primermomento.com\/wp-content\/uploads\/2022\/01\/Sidney-Poitier-479x270.png 479w\" sizes=\"auto, (max-width: 728px) 100vw, 728px\" \/><figcaption><em>Sidney Poitier<\/em><\/figcaption><\/figure><\/div>\n\n\n\n<p class=\"wp-block-paragraph\">La Oficina del Primer Ministro anunci\u00f3 en su cuenta oficial de Twitter que el jefe de Gobierno, Philip Davis, va a hacer pronto \u00abuna declaraci\u00f3n sobre la muerte de Sir Sidney Poitier\u00bb, cuya familia es natural de una de las islas de Bahamas.<\/p>\n\n\n\n<p class=\"wp-block-paragraph\">Por su parte, el vice primer ministro y titular de Turismo, Chester Cooper, asegur\u00f3 estar \u00abaturdido por la gran pena\u00bb por la p\u00e9rdida de un hombre al que defini\u00f3 como \u00abun icono y un h\u00e9roe\u00bb, aunque no ofreci\u00f3 detalles sobre las causas del deceso.<\/p>\n\n\n\n<p class=\"wp-block-paragraph\">Poitier naci\u00f3 el 20 de febrero de 1927 en Miami (EE.UU.) pero se cri\u00f3 junto a sus seis hermanos en Cat Island (Bahamas), donde pas\u00f3 sus diez primeros a\u00f1os de vida, hasta que se mud\u00f3 a la capital, Nassau, y posteriormente a Florida.<\/p>\n\n\n\n<p class=\"wp-block-paragraph\">El actor, quien tambi\u00e9n se destac\u00f3 como activista de los derechos civiles, gan\u00f3 el \u00d3scar en 1964 por su rol protag\u00f3nico en la pel\u00edcula \u00abLillies of the Field\u00bb.<\/p>\n\n\n\n<p class=\"wp-block-paragraph\">Cinco a\u00f1os antes, en 1959, tambi\u00e9n se consagr\u00f3 como el primer estadounidense negro en recibir una nominaci\u00f3n al \u00d3scar de mejor actor por la pel\u00edcula \u00abThe Defiant Ones\u00bb.<\/p>\n\n\n\n<p class=\"wp-block-paragraph\">Poitier fue adem\u00e1s la segunda persona negra en ganar un \u00d3scar, despu\u00e9s de Hattie McDaniel, quien obtuvo el premio a Mejor Actriz de Reparto por \u00abGone with the Wind\u00bb.<\/p>\n\n\n\n<p class=\"wp-block-paragraph\">En sus m\u00e1s de 50 a\u00f1os de carrera como actor, particip\u00f3 en m\u00e1s de 40 pel\u00edculas, con cl\u00e1sicos como \u00abGuess Who`s Comming to Dinner\u00bb, \u00abIn the Heat of the Night\u00bb y \u00abBlackboard Jungle\u00bb.<\/p>\n\n\n\n<p class=\"wp-block-paragraph\">En 2002, recibi\u00f3 el \u00d3scar de honor, premio que la Academia de Artes y Ciencias Cinematogr\u00e1ficas entrega a aquellas figuras del cine que han tenido un peso especial en la industria.<\/p>\n\n\n\n<p class=\"wp-block-paragraph\">El int\u00e9rprete, director y activista fue un aut\u00e9ntico \u00eddolo de Hollywood y tambi\u00e9n ejerci\u00f3 como embajador de Bahamas en Jap\u00f3n entre 1997 y 2007.<\/p>\n\n\n\n<p class=\"has-text-align-right wp-block-paragraph\"><em>EFE<\/em><\/p>\n","protected":false},"excerpt":{"rendered":"<p>NASSAU, Bahamas.- Sidney Poitier, el primer actor negro en ganar un premio \u00d3scar como actor protagonista de una pel\u00edcula, falleci\u00f3 este viernes a los 94 a\u00f1os, seg\u00fan informaron fuentes gubernamentales de Bahamas. La Oficina del Primer Ministro anunci\u00f3 en su cuenta oficial de Twitter que el jefe de Gobierno, Philip Davis, va a hacer pronto [&hellip;]<\/p>\n","protected":false},"author":1,"featured_media":0,"comment_status":"open","ping_status":"open","sticky":false,"template":"","format":"standard","meta":{"_bbp_topic_count":0,"_bbp_reply_count":0,"_bbp_total_topic_count":0,"_bbp_total_reply_count":0,"_bbp_voice_count":0,"_bbp_anonymous_reply_count":0,"_bbp_topic_count_hidden":0,"_bbp_reply_count_hidden":0,"_bbp_forum_subforum_count":0,"footnotes":""},"categories":[39,60],"tags":[],"class_list":["post-356844","post","type-post","status-publish","format-standard","category-entretenimiento","category-titulares-del-dia"],"_links":{"self":[{"href":"https:\/\/primermomento.com\/index.php?rest_route=\/wp\/v2\/posts\/356844","targetHints":{"allow":["GET"]}}],"collection":[{"href":"https:\/\/primermomento.com\/index.php?rest_route=\/wp\/v2\/posts"}],"about":[{"href":"https:\/\/primermomento.com\/index.php?rest_route=\/wp\/v2\/types\/post"}],"author":[{"embeddable":true,"href":"https:\/\/primermomento.com\/index.php?rest_route=\/wp\/v2\/users\/1"}],"replies":[{"embeddable":true,"href":"https:\/\/primermomento.com\/index.php?rest_route=%2Fwp%2Fv2%2Fcomments&post=356844"}],"version-history":[{"count":1,"href":"https:\/\/primermomento.com\/index.php?rest_route=\/wp\/v2\/posts\/356844\/revisions"}],"predecessor-version":[{"id":356846,"href":"https:\/\/primermomento.com\/index.php?rest_route=\/wp\/v2\/posts\/356844\/revisions\/356846"}],"wp:attachment":[{"href":"https:\/\/primermomento.com\/index.php?rest_route=%2Fwp%2Fv2%2Fmedia&parent=356844"}],"wp:term":[{"taxonomy":"category","embeddable":true,"href":"https:\/\/primermomento.com\/index.php?rest_route=%2Fwp%2Fv2%2Fcategories&post=356844"},{"taxonomy":"post_tag","embeddable":true,"href":"https:\/\/primermomento.com\/index.php?rest_route=%2Fwp%2Fv2%2Ftags&post=356844"}],"curies":[{"name":"wp","href":"https:\/\/api.w.org\/{rel}","templated":true}]}}