{"id":357081,"date":"2022-01-12T07:09:00","date_gmt":"2022-01-12T11:09:00","guid":{"rendered":"http:\/\/primermomento.com\/?p=357081"},"modified":"2022-01-12T08:17:35","modified_gmt":"2022-01-12T12:17:35","slug":"premios-oscar-confirman-maestro-de-ceremonias-en-su-94-edicion","status":"publish","type":"post","link":"https:\/\/primermomento.com\/?p=357081","title":{"rendered":"Premios Oscar confirman maestro de ceremonias en su 94 edici\u00f3n"},"content":{"rendered":"\n<p class=\"wp-block-paragraph\">LOS ANGELES, EEUU.- Los 94 Premios de la Academia hollywoodense despiertan hoy gran inter\u00e9s tras la confirmaci\u00f3n que la gala anual tendr\u00e1 maestro de ceremonias por primera vez desde 2018, seg\u00fan divulg\u00f3 la cadena ABC.<\/p>\n\n\n\n<div class=\"wp-block-image\"><figure class=\"aligncenter size-full\"><img loading=\"lazy\" decoding=\"async\" width=\"648\" height=\"446\" src=\"http:\/\/primermomento.com\/wp-content\/uploads\/2022\/01\/premios-oscar1.jpg\" alt=\"\" class=\"wp-image-357082\" srcset=\"https:\/\/primermomento.com\/wp-content\/uploads\/2022\/01\/premios-oscar1.jpg 648w, https:\/\/primermomento.com\/wp-content\/uploads\/2022\/01\/premios-oscar1-300x206.jpg 300w, https:\/\/primermomento.com\/wp-content\/uploads\/2022\/01\/premios-oscar1-73x50.jpg 73w, https:\/\/primermomento.com\/wp-content\/uploads\/2022\/01\/premios-oscar1-110x77.jpg 110w, https:\/\/primermomento.com\/wp-content\/uploads\/2022\/01\/premios-oscar1-500x344.jpg 500w, https:\/\/primermomento.com\/wp-content\/uploads\/2022\/01\/premios-oscar1-280x193.jpg 280w, https:\/\/primermomento.com\/wp-content\/uploads\/2022\/01\/premios-oscar1-60x40.jpg 60w, https:\/\/primermomento.com\/wp-content\/uploads\/2022\/01\/premios-oscar1-638x439.jpg 638w, https:\/\/primermomento.com\/wp-content\/uploads\/2022\/01\/premios-oscar1-118x81.jpg 118w, https:\/\/primermomento.com\/wp-content\/uploads\/2022\/01\/premios-oscar1-479x330.jpg 479w\" sizes=\"auto, (max-width: 648px) 100vw, 648px\" \/><\/figure><\/div>\n\n\n\n<p class=\"wp-block-paragraph\">Craig Erwich, presidente del grupo que cada a\u00f1o retransmite el evento, hizo p\u00fablica la noticia durante la gira de prensa virtual de la Asociaci\u00f3n de Cr\u00edticos de Televisi\u00f3n sin revelar la identidad del anfitri\u00f3n, la cual ya especulan varios medios especializados.<\/p>\n\n\n\n<p class=\"wp-block-paragraph\">El presentador estadounidense, Jimmy Kimmel, result\u00f3 la \u00faltima figura que anim\u00f3 la afamada premiaci\u00f3n entre 2017 y 2018; pues la estrella de la comedia, Kevin Hart, renunci\u00f3 a sus funciones en 2019 tras una pol\u00e9mica generada en redes sociales.<\/p>\n\n\n\n<p class=\"wp-block-paragraph\">Desde entonces, el principal evento de la industria cinematogr\u00e1fica en Estados Unidos se celebra sin anfitriones y registr\u00f3 el menor \u00edndice de audiencia en su historia con s\u00f3lo 10 millones de espectadores debido a la pandemia del coronavirus.<\/p>\n\n\n\n<p class=\"wp-block-paragraph\">Este a\u00f1o, las nominaciones de los conocidos Premios \u00d3scar se anunciar\u00e1n el pr\u00f3ximo 8 de febrero, mientras la ceremonia tendr\u00e1 lugar el 27 de marzo en el tradicional Teatro Dolby de California.<\/p>\n\n\n\n<p class=\"has-text-align-right wp-block-paragraph\"><em>PL<\/em><\/p>\n","protected":false},"excerpt":{"rendered":"<p>LOS ANGELES, EEUU.- Los 94 Premios de la Academia hollywoodense despiertan hoy gran inter\u00e9s tras la confirmaci\u00f3n que la gala anual tendr\u00e1 maestro de ceremonias por primera vez desde 2018, seg\u00fan divulg\u00f3 la cadena ABC. Craig Erwich, presidente del grupo que cada a\u00f1o retransmite el evento, hizo p\u00fablica la noticia durante la gira de prensa [&hellip;]<\/p>\n","protected":false},"author":1,"featured_media":0,"comment_status":"open","ping_status":"open","sticky":false,"template":"","format":"standard","meta":{"_bbp_topic_count":0,"_bbp_reply_count":0,"_bbp_total_topic_count":0,"_bbp_total_reply_count":0,"_bbp_voice_count":0,"_bbp_anonymous_reply_count":0,"_bbp_topic_count_hidden":0,"_bbp_reply_count_hidden":0,"_bbp_forum_subforum_count":0,"footnotes":""},"categories":[39,60],"tags":[],"class_list":["post-357081","post","type-post","status-publish","format-standard","category-entretenimiento","category-titulares-del-dia"],"_links":{"self":[{"href":"https:\/\/primermomento.com\/index.php?rest_route=\/wp\/v2\/posts\/357081","targetHints":{"allow":["GET"]}}],"collection":[{"href":"https:\/\/primermomento.com\/index.php?rest_route=\/wp\/v2\/posts"}],"about":[{"href":"https:\/\/primermomento.com\/index.php?rest_route=\/wp\/v2\/types\/post"}],"author":[{"embeddable":true,"href":"https:\/\/primermomento.com\/index.php?rest_route=\/wp\/v2\/users\/1"}],"replies":[{"embeddable":true,"href":"https:\/\/primermomento.com\/index.php?rest_route=%2Fwp%2Fv2%2Fcomments&post=357081"}],"version-history":[{"count":1,"href":"https:\/\/primermomento.com\/index.php?rest_route=\/wp\/v2\/posts\/357081\/revisions"}],"predecessor-version":[{"id":357083,"href":"https:\/\/primermomento.com\/index.php?rest_route=\/wp\/v2\/posts\/357081\/revisions\/357083"}],"wp:attachment":[{"href":"https:\/\/primermomento.com\/index.php?rest_route=%2Fwp%2Fv2%2Fmedia&parent=357081"}],"wp:term":[{"taxonomy":"category","embeddable":true,"href":"https:\/\/primermomento.com\/index.php?rest_route=%2Fwp%2Fv2%2Fcategories&post=357081"},{"taxonomy":"post_tag","embeddable":true,"href":"https:\/\/primermomento.com\/index.php?rest_route=%2Fwp%2Fv2%2Ftags&post=357081"}],"curies":[{"name":"wp","href":"https:\/\/api.w.org\/{rel}","templated":true}]}}