{"id":357326,"date":"2022-01-17T07:53:00","date_gmt":"2022-01-17T11:53:00","guid":{"rendered":"http:\/\/primermomento.com\/?p=357326"},"modified":"2022-01-17T18:48:34","modified_gmt":"2022-01-17T22:48:34","slug":"festival-de-cine-global-dominicano-rendira-tributo-a-sidney-poitier","status":"publish","type":"post","link":"https:\/\/primermomento.com\/?p=357326","title":{"rendered":"Festival de Cine Global dominicano rendir\u00e1 tributo a Sidney Poitier"},"content":{"rendered":"\n<p class=\"wp-block-paragraph\">SANTO DOMINGO, Rep\u00fablica Dominicana.- El Festival de Cine Global de Santo Domingo rendir\u00e1 tributo al fenecido actor, escritor y director de cine estadounidense de origen bahame\u00f1o Sidney Poitier, ganador de dos premios Oscar, se divulg\u00f3 hoy aqu\u00ed.<\/p>\n\n\n\n<div class=\"wp-block-image\"><figure class=\"aligncenter size-full\"><img loading=\"lazy\" decoding=\"async\" width=\"748\" height=\"498\" src=\"http:\/\/primermomento.com\/wp-content\/uploads\/2022\/01\/Sidney-Poitier.jpg\" alt=\"\" class=\"wp-image-357327\" srcset=\"https:\/\/primermomento.com\/wp-content\/uploads\/2022\/01\/Sidney-Poitier.jpg 748w, https:\/\/primermomento.com\/wp-content\/uploads\/2022\/01\/Sidney-Poitier-300x200.jpg 300w, https:\/\/primermomento.com\/wp-content\/uploads\/2022\/01\/Sidney-Poitier-73x50.jpg 73w, https:\/\/primermomento.com\/wp-content\/uploads\/2022\/01\/Sidney-Poitier-500x333.jpg 500w, https:\/\/primermomento.com\/wp-content\/uploads\/2022\/01\/Sidney-Poitier-280x186.jpg 280w, https:\/\/primermomento.com\/wp-content\/uploads\/2022\/01\/Sidney-Poitier-60x40.jpg 60w, https:\/\/primermomento.com\/wp-content\/uploads\/2022\/01\/Sidney-Poitier-638x425.jpg 638w, https:\/\/primermomento.com\/wp-content\/uploads\/2022\/01\/Sidney-Poitier-118x79.jpg 118w, https:\/\/primermomento.com\/wp-content\/uploads\/2022\/01\/Sidney-Poitier-479x319.jpg 479w\" sizes=\"auto, (max-width: 748px) 100vw, 748px\" \/><figcaption> <em>Sidney Poitier<\/em><\/figcaption><\/figure><\/div>\n\n\n\n<p class=\"wp-block-paragraph\">El evento ser\u00e1 efectuado del 24 al 30 de este mes, teniendo su inauguraci\u00f3n en la sala Carlos Piantini del Teatro Nacional de esta capital y como sedes las salas del Palacio del Cine ubicadas en el centro comercial Blue Mall.<\/p>\n\n\n\n<p class=\"wp-block-paragraph\">El pa\u00eds invitado de honor en esta ocasi\u00f3n es Chile y la programaci\u00f3n incluye 97 pel\u00edculas, entre ellas, las producciones dominicanas Hecho en RD, Carajita, Una pel\u00edcula de parejas, El pa\u00eds de las \u00faltimas cosas, La encomienda, Limonada, La otra lucha y Vals Santo Domingo.<\/p>\n\n\n\n<p class=\"wp-block-paragraph\">Este a\u00f1o la organizaci\u00f3n reconocer\u00e1 la trayectoria del dramaturgo y actor Giovanny Cruz, la destacada actriz y directora Elvira Tavera y de Yvette Marichal, extitular de la Direcci\u00f3n General de Cine.<\/p>\n\n\n\n<p class=\"wp-block-paragraph\">El director del Festival detall\u00f3 que debido a la Covid-19 ser\u00e1n estrictos en la aplicaci\u00f3n de los protocolos sanitarios en las salas en las cuales se proyectar\u00e1n las pel\u00edculas, as\u00ed como en los dem\u00e1s espacios a utilizar.<\/p>\n\n\n\n<p class=\"has-text-align-right wp-block-paragraph\"><em>PL<\/em><\/p>\n","protected":false},"excerpt":{"rendered":"<p>SANTO DOMINGO, Rep\u00fablica Dominicana.- El Festival de Cine Global de Santo Domingo rendir\u00e1 tributo al fenecido actor, escritor y director de cine estadounidense de origen bahame\u00f1o Sidney Poitier, ganador de dos premios Oscar, se divulg\u00f3 hoy aqu\u00ed. El evento ser\u00e1 efectuado del 24 al 30 de este mes, teniendo su inauguraci\u00f3n en la sala Carlos [&hellip;]<\/p>\n","protected":false},"author":1,"featured_media":0,"comment_status":"open","ping_status":"open","sticky":false,"template":"","format":"standard","meta":{"_bbp_topic_count":0,"_bbp_reply_count":0,"_bbp_total_topic_count":0,"_bbp_total_reply_count":0,"_bbp_voice_count":0,"_bbp_anonymous_reply_count":0,"_bbp_topic_count_hidden":0,"_bbp_reply_count_hidden":0,"_bbp_forum_subforum_count":0,"footnotes":""},"categories":[39,60],"tags":[],"class_list":["post-357326","post","type-post","status-publish","format-standard","category-entretenimiento","category-titulares-del-dia"],"_links":{"self":[{"href":"https:\/\/primermomento.com\/index.php?rest_route=\/wp\/v2\/posts\/357326","targetHints":{"allow":["GET"]}}],"collection":[{"href":"https:\/\/primermomento.com\/index.php?rest_route=\/wp\/v2\/posts"}],"about":[{"href":"https:\/\/primermomento.com\/index.php?rest_route=\/wp\/v2\/types\/post"}],"author":[{"embeddable":true,"href":"https:\/\/primermomento.com\/index.php?rest_route=\/wp\/v2\/users\/1"}],"replies":[{"embeddable":true,"href":"https:\/\/primermomento.com\/index.php?rest_route=%2Fwp%2Fv2%2Fcomments&post=357326"}],"version-history":[{"count":1,"href":"https:\/\/primermomento.com\/index.php?rest_route=\/wp\/v2\/posts\/357326\/revisions"}],"predecessor-version":[{"id":357328,"href":"https:\/\/primermomento.com\/index.php?rest_route=\/wp\/v2\/posts\/357326\/revisions\/357328"}],"wp:attachment":[{"href":"https:\/\/primermomento.com\/index.php?rest_route=%2Fwp%2Fv2%2Fmedia&parent=357326"}],"wp:term":[{"taxonomy":"category","embeddable":true,"href":"https:\/\/primermomento.com\/index.php?rest_route=%2Fwp%2Fv2%2Fcategories&post=357326"},{"taxonomy":"post_tag","embeddable":true,"href":"https:\/\/primermomento.com\/index.php?rest_route=%2Fwp%2Fv2%2Ftags&post=357326"}],"curies":[{"name":"wp","href":"https:\/\/api.w.org\/{rel}","templated":true}]}}