{"id":357430,"date":"2022-01-19T08:37:00","date_gmt":"2022-01-19T12:37:00","guid":{"rendered":"http:\/\/primermomento.com\/?p=357430"},"modified":"2022-01-19T19:44:25","modified_gmt":"2022-01-19T23:44:25","slug":"posponen-concierto-del-salsero-gilberto-santa-rosa","status":"publish","type":"post","link":"https:\/\/primermomento.com\/?p=357430","title":{"rendered":"Posponen concierto del salsero Gilberto Santa Rosa"},"content":{"rendered":"\n<p class=\"wp-block-paragraph\">SANTO DOMINGO, Rep\u00fablica Dominicana.- El concierto del salsero puertorrique\u00f1o Gilberto Santa Rosa, previsto para el pr\u00f3ximo 5 de febrero en Dominicana, fue pospuesto para el verano debido a la ola de contagios existente con la Covid-19.<\/p>\n\n\n\n<div class=\"wp-block-image\"><figure class=\"aligncenter size-full\"><img loading=\"lazy\" decoding=\"async\" width=\"748\" height=\"498\" src=\"http:\/\/primermomento.com\/wp-content\/uploads\/2022\/01\/AVR-GilbertoSantaRosa.jpg\" alt=\"\" class=\"wp-image-357431\" srcset=\"https:\/\/primermomento.com\/wp-content\/uploads\/2022\/01\/AVR-GilbertoSantaRosa.jpg 748w, https:\/\/primermomento.com\/wp-content\/uploads\/2022\/01\/AVR-GilbertoSantaRosa-300x200.jpg 300w, https:\/\/primermomento.com\/wp-content\/uploads\/2022\/01\/AVR-GilbertoSantaRosa-73x50.jpg 73w, https:\/\/primermomento.com\/wp-content\/uploads\/2022\/01\/AVR-GilbertoSantaRosa-500x333.jpg 500w, https:\/\/primermomento.com\/wp-content\/uploads\/2022\/01\/AVR-GilbertoSantaRosa-280x186.jpg 280w, https:\/\/primermomento.com\/wp-content\/uploads\/2022\/01\/AVR-GilbertoSantaRosa-60x40.jpg 60w, https:\/\/primermomento.com\/wp-content\/uploads\/2022\/01\/AVR-GilbertoSantaRosa-638x425.jpg 638w, https:\/\/primermomento.com\/wp-content\/uploads\/2022\/01\/AVR-GilbertoSantaRosa-118x79.jpg 118w, https:\/\/primermomento.com\/wp-content\/uploads\/2022\/01\/AVR-GilbertoSantaRosa-479x319.jpg 479w\" sizes=\"auto, (max-width: 748px) 100vw, 748px\" \/><figcaption><em>Gilberto Santa Rosa<\/em><\/figcaption><\/figure><\/div>\n\n\n\n<p class=\"wp-block-paragraph\">Seg\u00fan los organizadores del evento, la presentaci\u00f3n perteneciente a su tour Cam\u00ednalo, fue pospuesto para el 16 de julio en el Palacio de los Deportes Virgilio Travieso de esta capital.<\/p>\n\n\n\n<p class=\"wp-block-paragraph\">\u201cVemos como un acto de coherencia, sensatez y responsabilidad posponer dicho evento y priorizar la salud tanto de nuestro valioso p\u00fablico, el artista y cada miembro involucrado en esta producci\u00f3n\u201d inform\u00f3 el gerente general de la empresa organizadora, Nestor Caro.<\/p>\n\n\n\n<p class=\"wp-block-paragraph\">En su gira actual, el Caballero de la salsa se present\u00f3 en ciudades de Estados Unidos y Latinoam\u00e9rica como El Paso, Naples, Atlantic City, Denver, Lima y Cali.<\/p>\n\n\n\n<p class=\"has-text-align-right wp-block-paragraph\"><em>PL<\/em><\/p>\n","protected":false},"excerpt":{"rendered":"<p>SANTO DOMINGO, Rep\u00fablica Dominicana.- El concierto del salsero puertorrique\u00f1o Gilberto Santa Rosa, previsto para el pr\u00f3ximo 5 de febrero en Dominicana, fue pospuesto para el verano debido a la ola de contagios existente con la Covid-19. Seg\u00fan los organizadores del evento, la presentaci\u00f3n perteneciente a su tour Cam\u00ednalo, fue pospuesto para el 16 de julio [&hellip;]<\/p>\n","protected":false},"author":1,"featured_media":0,"comment_status":"open","ping_status":"open","sticky":false,"template":"","format":"standard","meta":{"_bbp_topic_count":0,"_bbp_reply_count":0,"_bbp_total_topic_count":0,"_bbp_total_reply_count":0,"_bbp_voice_count":0,"_bbp_anonymous_reply_count":0,"_bbp_topic_count_hidden":0,"_bbp_reply_count_hidden":0,"_bbp_forum_subforum_count":0,"footnotes":""},"categories":[39,60],"tags":[],"class_list":["post-357430","post","type-post","status-publish","format-standard","category-entretenimiento","category-titulares-del-dia"],"_links":{"self":[{"href":"https:\/\/primermomento.com\/index.php?rest_route=\/wp\/v2\/posts\/357430","targetHints":{"allow":["GET"]}}],"collection":[{"href":"https:\/\/primermomento.com\/index.php?rest_route=\/wp\/v2\/posts"}],"about":[{"href":"https:\/\/primermomento.com\/index.php?rest_route=\/wp\/v2\/types\/post"}],"author":[{"embeddable":true,"href":"https:\/\/primermomento.com\/index.php?rest_route=\/wp\/v2\/users\/1"}],"replies":[{"embeddable":true,"href":"https:\/\/primermomento.com\/index.php?rest_route=%2Fwp%2Fv2%2Fcomments&post=357430"}],"version-history":[{"count":1,"href":"https:\/\/primermomento.com\/index.php?rest_route=\/wp\/v2\/posts\/357430\/revisions"}],"predecessor-version":[{"id":357432,"href":"https:\/\/primermomento.com\/index.php?rest_route=\/wp\/v2\/posts\/357430\/revisions\/357432"}],"wp:attachment":[{"href":"https:\/\/primermomento.com\/index.php?rest_route=%2Fwp%2Fv2%2Fmedia&parent=357430"}],"wp:term":[{"taxonomy":"category","embeddable":true,"href":"https:\/\/primermomento.com\/index.php?rest_route=%2Fwp%2Fv2%2Fcategories&post=357430"},{"taxonomy":"post_tag","embeddable":true,"href":"https:\/\/primermomento.com\/index.php?rest_route=%2Fwp%2Fv2%2Ftags&post=357430"}],"curies":[{"name":"wp","href":"https:\/\/api.w.org\/{rel}","templated":true}]}}