{"id":358025,"date":"2022-02-03T07:50:00","date_gmt":"2022-02-03T11:50:00","guid":{"rendered":"http:\/\/primermomento.com\/?p=358025"},"modified":"2022-02-03T11:21:14","modified_gmt":"2022-02-03T15:21:14","slug":"dominicana-anuncia-carnavales-para-el-proximo-6-de-marzo","status":"publish","type":"post","link":"https:\/\/primermomento.com\/?p=358025","title":{"rendered":"Dominicana anuncia carnavales para el pr\u00f3ximo 6 de marzo"},"content":{"rendered":"\n<p class=\"wp-block-paragraph\">SANTO DOMINGO, Rep\u00fablica Dominicana.- El Ministerio de Cultura dominicano anunci\u00f3 hoy que el Desfile Nacional del Carnaval, suspendido en los dos \u00faltimos a\u00f1os a causa de la pandemia, ser\u00e1 celebrado el 6 de marzo con la participaci\u00f3n de 140 comparsas.<\/p>\n\n\n\n<div class=\"wp-block-image\"><figure class=\"aligncenter size-full\"><img loading=\"lazy\" decoding=\"async\" width=\"500\" height=\"333\" src=\"http:\/\/primermomento.com\/wp-content\/uploads\/2020\/01\/carnaval-santo-domingo.jpg\" alt=\"\" class=\"wp-image-325045\" srcset=\"https:\/\/primermomento.com\/wp-content\/uploads\/2020\/01\/carnaval-santo-domingo.jpg 500w, https:\/\/primermomento.com\/wp-content\/uploads\/2020\/01\/carnaval-santo-domingo-300x200.jpg 300w, https:\/\/primermomento.com\/wp-content\/uploads\/2020\/01\/carnaval-santo-domingo-73x50.jpg 73w, https:\/\/primermomento.com\/wp-content\/uploads\/2020\/01\/carnaval-santo-domingo-280x186.jpg 280w, https:\/\/primermomento.com\/wp-content\/uploads\/2020\/01\/carnaval-santo-domingo-60x40.jpg 60w, https:\/\/primermomento.com\/wp-content\/uploads\/2020\/01\/carnaval-santo-domingo-118x79.jpg 118w, https:\/\/primermomento.com\/wp-content\/uploads\/2020\/01\/carnaval-santo-domingo-479x319.jpg 479w\" sizes=\"auto, (max-width: 500px) 100vw, 500px\" \/><\/figure><\/div>\n\n\n\n<p class=\"wp-block-paragraph\">El desfile estar\u00e1 dedicado a Cotu\u00ed, municipio de la provincia S\u00e1nchez Ram\u00edrez, territorio que cuenta con uno de los carnavales m\u00e1s antiguos del pa\u00eds.<\/p>\n\n\n\n<p class=\"wp-block-paragraph\">En rueda de prensa, la ministra de Cultura, Milagros Germ\u00e1n, dijo que los festejos ser\u00e1n celebrados a pesar de los aplazamientos aprobados debido a la Covid-19 de los tradicionales carnavales de La Vega y Moca, y la cancelaci\u00f3n de los Punta Cana.<\/p>\n\n\n\n<p class=\"wp-block-paragraph\">Para esta ocasi\u00f3n los reyes del Carnaval ser\u00e1n Germ\u00e1n, el humorista Cuqu\u00edn Victoria y la educadora Marily Gallardo, considerada una gloria de la danza en el pa\u00eds.<\/p>\n\n\n\n<p class=\"wp-block-paragraph\">Finalmente, se inform\u00f3 que est\u00e1 elaborado un protocolo con el objetivo de evitar contagios durante el evento, en el cual se exigir\u00e1 la tarjeta de vacunaci\u00f3n a los asistentes y el uso de la mascarilla.<\/p>\n\n\n\n<p class=\"has-text-align-right wp-block-paragraph\"><em>PL<\/em><\/p>\n","protected":false},"excerpt":{"rendered":"<p>SANTO DOMINGO, Rep\u00fablica Dominicana.- El Ministerio de Cultura dominicano anunci\u00f3 hoy que el Desfile Nacional del Carnaval, suspendido en los dos \u00faltimos a\u00f1os a causa de la pandemia, ser\u00e1 celebrado el 6 de marzo con la participaci\u00f3n de 140 comparsas. El desfile estar\u00e1 dedicado a Cotu\u00ed, municipio de la provincia S\u00e1nchez Ram\u00edrez, territorio que cuenta [&hellip;]<\/p>\n","protected":false},"author":1,"featured_media":0,"comment_status":"open","ping_status":"open","sticky":false,"template":"","format":"standard","meta":{"_bbp_topic_count":0,"_bbp_reply_count":0,"_bbp_total_topic_count":0,"_bbp_total_reply_count":0,"_bbp_voice_count":0,"_bbp_anonymous_reply_count":0,"_bbp_topic_count_hidden":0,"_bbp_reply_count_hidden":0,"_bbp_forum_subforum_count":0,"footnotes":""},"categories":[39,60],"tags":[],"class_list":["post-358025","post","type-post","status-publish","format-standard","category-entretenimiento","category-titulares-del-dia"],"_links":{"self":[{"href":"https:\/\/primermomento.com\/index.php?rest_route=\/wp\/v2\/posts\/358025","targetHints":{"allow":["GET"]}}],"collection":[{"href":"https:\/\/primermomento.com\/index.php?rest_route=\/wp\/v2\/posts"}],"about":[{"href":"https:\/\/primermomento.com\/index.php?rest_route=\/wp\/v2\/types\/post"}],"author":[{"embeddable":true,"href":"https:\/\/primermomento.com\/index.php?rest_route=\/wp\/v2\/users\/1"}],"replies":[{"embeddable":true,"href":"https:\/\/primermomento.com\/index.php?rest_route=%2Fwp%2Fv2%2Fcomments&post=358025"}],"version-history":[{"count":1,"href":"https:\/\/primermomento.com\/index.php?rest_route=\/wp\/v2\/posts\/358025\/revisions"}],"predecessor-version":[{"id":358026,"href":"https:\/\/primermomento.com\/index.php?rest_route=\/wp\/v2\/posts\/358025\/revisions\/358026"}],"wp:attachment":[{"href":"https:\/\/primermomento.com\/index.php?rest_route=%2Fwp%2Fv2%2Fmedia&parent=358025"}],"wp:term":[{"taxonomy":"category","embeddable":true,"href":"https:\/\/primermomento.com\/index.php?rest_route=%2Fwp%2Fv2%2Fcategories&post=358025"},{"taxonomy":"post_tag","embeddable":true,"href":"https:\/\/primermomento.com\/index.php?rest_route=%2Fwp%2Fv2%2Ftags&post=358025"}],"curies":[{"name":"wp","href":"https:\/\/api.w.org\/{rel}","templated":true}]}}