{"id":358826,"date":"2022-02-18T09:43:00","date_gmt":"2022-02-18T13:43:00","guid":{"rendered":"http:\/\/primermomento.com\/?p=358826"},"modified":"2022-02-18T16:47:21","modified_gmt":"2022-02-18T20:47:21","slug":"juan-luis-guerra-vuelve-a-cantar-en-polo-turistico-punta-cana","status":"publish","type":"post","link":"https:\/\/primermomento.com\/?p=358826","title":{"rendered":"Juan Luis Guerra vuelve a cantar en polo tur\u00edstico Punta Cana"},"content":{"rendered":"\n<p class=\"wp-block-paragraph\">SANTO DOMINGO, Rep\u00fablica Dominicana.- El afamado artista dominicano Juan Luis Guerra y su grupo 440 volver\u00e1 cantar en el polo tur\u00edstico Punta Cana, ubicado en provincia La Altagracia, se divulg\u00f3 hoy.<\/p>\n\n\n\n<div class=\"wp-block-image\"><figure class=\"aligncenter size-full\"><img loading=\"lazy\" decoding=\"async\" width=\"607\" height=\"424\" src=\"http:\/\/primermomento.com\/wp-content\/uploads\/2022\/02\/Juan-Luis-Guerra1.jpg\" alt=\"\" class=\"wp-image-358828\" srcset=\"https:\/\/primermomento.com\/wp-content\/uploads\/2022\/02\/Juan-Luis-Guerra1.jpg 607w, https:\/\/primermomento.com\/wp-content\/uploads\/2022\/02\/Juan-Luis-Guerra1-300x210.jpg 300w, https:\/\/primermomento.com\/wp-content\/uploads\/2022\/02\/Juan-Luis-Guerra1-73x50.jpg 73w, https:\/\/primermomento.com\/wp-content\/uploads\/2022\/02\/Juan-Luis-Guerra1-110x77.jpg 110w, https:\/\/primermomento.com\/wp-content\/uploads\/2022\/02\/Juan-Luis-Guerra1-500x349.jpg 500w, https:\/\/primermomento.com\/wp-content\/uploads\/2022\/02\/Juan-Luis-Guerra1-280x196.jpg 280w, https:\/\/primermomento.com\/wp-content\/uploads\/2022\/02\/Juan-Luis-Guerra1-118x82.jpg 118w, https:\/\/primermomento.com\/wp-content\/uploads\/2022\/02\/Juan-Luis-Guerra1-479x335.jpg 479w\" sizes=\"auto, (max-width: 607px) 100vw, 607px\" \/><\/figure><\/div>\n\n\n\n<p class=\"wp-block-paragraph\">El concierto previsto para ma\u00f1ana se enmarca dentro de los eventos pautados para el lanzamiento de la nueva gira del cantante, titulada Entre Mar y Palmeras.<\/p>\n\n\n\n<p class=\"wp-block-paragraph\">La presentaci\u00f3n tendr\u00e1 como sede el Hard Rock Caf\u00e9 del mencionado polo tur\u00edstico y en ellas no faltar\u00e1n los merengues que distinguen a Guerra, as\u00ed como las canciones rom\u00e1nticas.<\/p>\n\n\n\n<p class=\"wp-block-paragraph\">El cantautor de 63 a\u00f1os es catalogado como el m\u00e1s internacional de esta naci\u00f3n, acreedor de una carrera de casi 40 a\u00f1os y premios insignes de la industria, entre los cuales destacan tres Grammy de la Academia Nacional de Artes y Ciencias de la Grabaci\u00f3n de Estados Unidos.<\/p>\n\n\n\n<p class=\"has-text-align-right wp-block-paragraph\"><em>PL<\/em><\/p>\n","protected":false},"excerpt":{"rendered":"<p>SANTO DOMINGO, Rep\u00fablica Dominicana.- El afamado artista dominicano Juan Luis Guerra y su grupo 440 volver\u00e1 cantar en el polo tur\u00edstico Punta Cana, ubicado en provincia La Altagracia, se divulg\u00f3 hoy. El concierto previsto para ma\u00f1ana se enmarca dentro de los eventos pautados para el lanzamiento de la nueva gira del cantante, titulada Entre Mar [&hellip;]<\/p>\n","protected":false},"author":1,"featured_media":0,"comment_status":"open","ping_status":"open","sticky":false,"template":"","format":"standard","meta":{"_bbp_topic_count":0,"_bbp_reply_count":0,"_bbp_total_topic_count":0,"_bbp_total_reply_count":0,"_bbp_voice_count":0,"_bbp_anonymous_reply_count":0,"_bbp_topic_count_hidden":0,"_bbp_reply_count_hidden":0,"_bbp_forum_subforum_count":0,"footnotes":""},"categories":[39,60],"tags":[],"class_list":["post-358826","post","type-post","status-publish","format-standard","category-entretenimiento","category-titulares-del-dia"],"_links":{"self":[{"href":"https:\/\/primermomento.com\/index.php?rest_route=\/wp\/v2\/posts\/358826","targetHints":{"allow":["GET"]}}],"collection":[{"href":"https:\/\/primermomento.com\/index.php?rest_route=\/wp\/v2\/posts"}],"about":[{"href":"https:\/\/primermomento.com\/index.php?rest_route=\/wp\/v2\/types\/post"}],"author":[{"embeddable":true,"href":"https:\/\/primermomento.com\/index.php?rest_route=\/wp\/v2\/users\/1"}],"replies":[{"embeddable":true,"href":"https:\/\/primermomento.com\/index.php?rest_route=%2Fwp%2Fv2%2Fcomments&post=358826"}],"version-history":[{"count":1,"href":"https:\/\/primermomento.com\/index.php?rest_route=\/wp\/v2\/posts\/358826\/revisions"}],"predecessor-version":[{"id":358829,"href":"https:\/\/primermomento.com\/index.php?rest_route=\/wp\/v2\/posts\/358826\/revisions\/358829"}],"wp:attachment":[{"href":"https:\/\/primermomento.com\/index.php?rest_route=%2Fwp%2Fv2%2Fmedia&parent=358826"}],"wp:term":[{"taxonomy":"category","embeddable":true,"href":"https:\/\/primermomento.com\/index.php?rest_route=%2Fwp%2Fv2%2Fcategories&post=358826"},{"taxonomy":"post_tag","embeddable":true,"href":"https:\/\/primermomento.com\/index.php?rest_route=%2Fwp%2Fv2%2Ftags&post=358826"}],"curies":[{"name":"wp","href":"https:\/\/api.w.org\/{rel}","templated":true}]}}