{"id":358867,"date":"2022-02-22T10:44:07","date_gmt":"2022-02-22T14:44:07","guid":{"rendered":"http:\/\/primermomento.com\/?p=358867"},"modified":"2022-02-22T10:57:22","modified_gmt":"2022-02-22T14:57:22","slug":"disenador-dominicano-triunfa-durante-semana-de-la-moda-ny-2022","status":"publish","type":"post","link":"https:\/\/primermomento.com\/?p=358867","title":{"rendered":"Dise\u00f1ador dominicano triunfa durante semana de la moda NY-2022"},"content":{"rendered":"\n<p class=\"wp-block-paragraph\">NUEVA YORK, EEUU.- El reconocido dise\u00f1ador dominicano Russell&nbsp;&nbsp;Peguero, dej\u00f3 su marca \u201cllessurnyc\u201d plasmada en la reci\u00e9n pasarela de uno de los eventos m\u00e1s importantes de la semana de la moda en esta ciudad.<\/p>\n\n\n\n<div class=\"wp-block-image\"><figure class=\"aligncenter size-full\"><img loading=\"lazy\" decoding=\"async\" width=\"602\" height=\"394\" src=\"http:\/\/primermomento.com\/wp-content\/uploads\/2022\/02\/Disenador-dominicano.jpg\" alt=\"\" class=\"wp-image-358868\" srcset=\"https:\/\/primermomento.com\/wp-content\/uploads\/2022\/02\/Disenador-dominicano.jpg 602w, https:\/\/primermomento.com\/wp-content\/uploads\/2022\/02\/Disenador-dominicano-300x196.jpg 300w, https:\/\/primermomento.com\/wp-content\/uploads\/2022\/02\/Disenador-dominicano-500x327.jpg 500w, https:\/\/primermomento.com\/wp-content\/uploads\/2022\/02\/Disenador-dominicano-280x183.jpg 280w, https:\/\/primermomento.com\/wp-content\/uploads\/2022\/02\/Disenador-dominicano-60x40.jpg 60w, https:\/\/primermomento.com\/wp-content\/uploads\/2022\/02\/Disenador-dominicano-118x77.jpg 118w, https:\/\/primermomento.com\/wp-content\/uploads\/2022\/02\/Disenador-dominicano-479x313.jpg 479w, https:\/\/primermomento.com\/wp-content\/uploads\/2022\/02\/Disenador-dominicano-153x100.jpg 153w\" sizes=\"auto, (max-width: 602px) 100vw, 602px\" \/><\/figure><\/div>\n\n\n\n<p class=\"wp-block-paragraph\">En la \u201csemana de la moda callejera, espect\u00e1culo NYFW Streetwear\u201d (SFWRUNWAY) que se realiza todos los a\u00f1os en la Gran Manzana, participan grandes dise\u00f1adores presentando sus mejores atuendos y prenda de vestir.<\/p>\n\n\n\n<p class=\"wp-block-paragraph\">Este a\u00f1o se realiz\u00f3 de manera presencial en el \u201cMuseo de Arte Metropolitan Pavilion\u201d, ubicado en el 125 W. de la calle 18, en Down Town Manhattan.<\/p>\n\n\n\n<p class=\"wp-block-paragraph\">Peguero present\u00f3 su colecci\u00f3n \u201cVolumen II &#8211; Elemental\u00bb inspirada en la idea de reconectarnos con nuestras ra\u00edces perdidas, buscando extraer la abundancia de formas, texturas y colores en nuestros elementos centrales de aire, agua, tierra y fuego, traducido a trav\u00e9s de una combinaci\u00f3n de prendas multifuncionales, transpirables e intercambiables que revelan un nuevo lado con cada \u00e1ngulo.<\/p>\n\n\n\n<p class=\"wp-block-paragraph\">Trat\u00e9 de sacar las formas y los colores de la naturaleza y los puse en esta colecci\u00f3n que puede ser para todo el d\u00eda o el a\u00f1o, dijo Peguero.<\/p>\n\n\n\n<p class=\"wp-block-paragraph\">Una de las razones, porque pienso mucho en el ecosistema, quiero protegerlo un poquito para no hacer muchos gastos con la ropa y en realidad no hay que gastar tanto en ropa\u201d, indic\u00f3.<\/p>\n\n\n\n<p class=\"wp-block-paragraph\">Sostuvo que el a\u00f1o pasado trabaj\u00f3 con Tokischa, una artista urbana dominicana que estaba en Los Billboard con Rosal\u00eda. Tambi\u00e9n Rauw Alejandro se ha puesto su ropa, precis\u00f3.<\/p>\n\n\n\n<p class=\"wp-block-paragraph\">Reconocidos modelos internacionales han vestido mis prendas. Ya estoy en el mundo de la moda de las celebridades latinas y he trabajado con talentosas modelos dominicanas.&nbsp;&nbsp;A los j\u00f3venes que sigan luchando, manifest\u00f3 el dise\u00f1ador.<\/p>\n\n\n\n<p class=\"wp-block-paragraph\">En el evento se muestran colecciones de moda internacional a los compradores, la prensa y el p\u00fablico en general. Es una de las cuatro semanas de la moda m\u00e1s importantes del mundo, conocidas colectivamente como las \u00ab4 grandes\u00bb, junto con las de Par\u00eds, Londres y Mil\u00e1n.<\/p>\n\n\n\n<p class=\"has-text-align-right wp-block-paragraph\"><em>Ram\u00f3n Mercedes<\/em><\/p>\n","protected":false},"excerpt":{"rendered":"<p>NUEVA YORK, EEUU.- El reconocido dise\u00f1ador dominicano Russell&nbsp;&nbsp;Peguero, dej\u00f3 su marca \u201cllessurnyc\u201d plasmada en la reci\u00e9n pasarela de uno de los eventos m\u00e1s importantes de la semana de la moda en esta ciudad. En la \u201csemana de la moda callejera, espect\u00e1culo NYFW Streetwear\u201d (SFWRUNWAY) que se realiza todos los a\u00f1os en la Gran Manzana, participan [&hellip;]<\/p>\n","protected":false},"author":1,"featured_media":0,"comment_status":"open","ping_status":"open","sticky":false,"template":"","format":"standard","meta":{"_bbp_topic_count":0,"_bbp_reply_count":0,"_bbp_total_topic_count":0,"_bbp_total_reply_count":0,"_bbp_voice_count":0,"_bbp_anonymous_reply_count":0,"_bbp_topic_count_hidden":0,"_bbp_reply_count_hidden":0,"_bbp_forum_subforum_count":0,"footnotes":""},"categories":[39,60],"tags":[],"class_list":["post-358867","post","type-post","status-publish","format-standard","category-entretenimiento","category-titulares-del-dia"],"_links":{"self":[{"href":"https:\/\/primermomento.com\/index.php?rest_route=\/wp\/v2\/posts\/358867","targetHints":{"allow":["GET"]}}],"collection":[{"href":"https:\/\/primermomento.com\/index.php?rest_route=\/wp\/v2\/posts"}],"about":[{"href":"https:\/\/primermomento.com\/index.php?rest_route=\/wp\/v2\/types\/post"}],"author":[{"embeddable":true,"href":"https:\/\/primermomento.com\/index.php?rest_route=\/wp\/v2\/users\/1"}],"replies":[{"embeddable":true,"href":"https:\/\/primermomento.com\/index.php?rest_route=%2Fwp%2Fv2%2Fcomments&post=358867"}],"version-history":[{"count":2,"href":"https:\/\/primermomento.com\/index.php?rest_route=\/wp\/v2\/posts\/358867\/revisions"}],"predecessor-version":[{"id":358880,"href":"https:\/\/primermomento.com\/index.php?rest_route=\/wp\/v2\/posts\/358867\/revisions\/358880"}],"wp:attachment":[{"href":"https:\/\/primermomento.com\/index.php?rest_route=%2Fwp%2Fv2%2Fmedia&parent=358867"}],"wp:term":[{"taxonomy":"category","embeddable":true,"href":"https:\/\/primermomento.com\/index.php?rest_route=%2Fwp%2Fv2%2Fcategories&post=358867"},{"taxonomy":"post_tag","embeddable":true,"href":"https:\/\/primermomento.com\/index.php?rest_route=%2Fwp%2Fv2%2Ftags&post=358867"}],"curies":[{"name":"wp","href":"https:\/\/api.w.org\/{rel}","templated":true}]}}