{"id":359006,"date":"2022-02-24T09:36:00","date_gmt":"2022-02-24T13:36:00","guid":{"rendered":"http:\/\/primermomento.com\/?p=359006"},"modified":"2022-02-24T15:43:37","modified_gmt":"2022-02-24T19:43:37","slug":"coronan-a-reyes-de-carnaval-en-republica-dominicana","status":"publish","type":"post","link":"https:\/\/primermomento.com\/?p=359006","title":{"rendered":"Coronan a reyes de carnaval en Rep\u00fablica Dominicana"},"content":{"rendered":"\n<p class=\"wp-block-paragraph\">SANTO DOMINGO, Rep\u00fablica Dominicana.- El Ministerio de Cultura de la Rep\u00fablica Dominicana coron\u00f3 como reyes del Carnaval-2022 al comediante Cuqu\u00edn Victoria y la maestra de danza Marily Gallardo, divulgaron hoy medios de prensa.<\/p>\n\n\n\n<div class=\"wp-block-image\"><figure class=\"aligncenter size-full\"><img loading=\"lazy\" decoding=\"async\" width=\"800\" height=\"474\" src=\"http:\/\/primermomento.com\/wp-content\/uploads\/2022\/02\/Carnaval-2022-Dominicana.jpg\" alt=\"\" class=\"wp-image-359007\" srcset=\"https:\/\/primermomento.com\/wp-content\/uploads\/2022\/02\/Carnaval-2022-Dominicana.jpg 800w, https:\/\/primermomento.com\/wp-content\/uploads\/2022\/02\/Carnaval-2022-Dominicana-300x178.jpg 300w, https:\/\/primermomento.com\/wp-content\/uploads\/2022\/02\/Carnaval-2022-Dominicana-768x455.jpg 768w, https:\/\/primermomento.com\/wp-content\/uploads\/2022\/02\/Carnaval-2022-Dominicana-110x66.jpg 110w, https:\/\/primermomento.com\/wp-content\/uploads\/2022\/02\/Carnaval-2022-Dominicana-500x296.jpg 500w, https:\/\/primermomento.com\/wp-content\/uploads\/2022\/02\/Carnaval-2022-Dominicana-280x166.jpg 280w, https:\/\/primermomento.com\/wp-content\/uploads\/2022\/02\/Carnaval-2022-Dominicana-638x378.jpg 638w, https:\/\/primermomento.com\/wp-content\/uploads\/2022\/02\/Carnaval-2022-Dominicana-118x70.jpg 118w, https:\/\/primermomento.com\/wp-content\/uploads\/2022\/02\/Carnaval-2022-Dominicana-479x284.jpg 479w\" sizes=\"auto, (max-width: 800px) 100vw, 800px\" \/><\/figure><\/div>\n\n\n\n<p class=\"wp-block-paragraph\">Seg\u00fan el Diario Libre, el evento que cont\u00f3 con la presencia de la titular de esa cartera Milagros Germ\u00e1n, se caracteriz\u00f3 por la alegr\u00eda, el color y la emotividad.<\/p>\n\n\n\n<p class=\"wp-block-paragraph\">Durante la coronaci\u00f3n, Germ\u00e1n destac\u00f3 la labor de esas personalidades, quienes, con su labor, \u00abllenan de orgullo a los dominicanos\u00bb.<\/p>\n\n\n\n<p class=\"wp-block-paragraph\">En la misma actividad fue entregado el Premio Luis Felipe Abreu a Elizabeth Liven Reyes, conocida popularmente como Buloyita, por su trayectoria, innovaciones y m\u00e9ritos como propulsora de la cita.<\/p>\n\n\n\n<p class=\"wp-block-paragraph\">Este a\u00f1o, el Desfile Nacional de Carnaval tendr\u00e1 lugar el domingo 6 de marzo en la avenida George Washington de Santo Domingo (Malec\u00f3n) y est\u00e1 dedicado al municipio de Cotu\u00ed, provincia S\u00e1nchez Ram\u00edrez, famoso por sus coloridos personajes los papeluses, platanuses y funduses, entre otros.<\/p>\n\n\n\n<p class=\"has-text-align-right wp-block-paragraph\"><em>PL<\/em><\/p>\n","protected":false},"excerpt":{"rendered":"<p>SANTO DOMINGO, Rep\u00fablica Dominicana.- El Ministerio de Cultura de la Rep\u00fablica Dominicana coron\u00f3 como reyes del Carnaval-2022 al comediante Cuqu\u00edn Victoria y la maestra de danza Marily Gallardo, divulgaron hoy medios de prensa. Seg\u00fan el Diario Libre, el evento que cont\u00f3 con la presencia de la titular de esa cartera Milagros Germ\u00e1n, se caracteriz\u00f3 por [&hellip;]<\/p>\n","protected":false},"author":1,"featured_media":0,"comment_status":"open","ping_status":"open","sticky":false,"template":"","format":"standard","meta":{"_bbp_topic_count":0,"_bbp_reply_count":0,"_bbp_total_topic_count":0,"_bbp_total_reply_count":0,"_bbp_voice_count":0,"_bbp_anonymous_reply_count":0,"_bbp_topic_count_hidden":0,"_bbp_reply_count_hidden":0,"_bbp_forum_subforum_count":0,"footnotes":""},"categories":[39,60],"tags":[],"class_list":["post-359006","post","type-post","status-publish","format-standard","category-entretenimiento","category-titulares-del-dia"],"_links":{"self":[{"href":"https:\/\/primermomento.com\/index.php?rest_route=\/wp\/v2\/posts\/359006","targetHints":{"allow":["GET"]}}],"collection":[{"href":"https:\/\/primermomento.com\/index.php?rest_route=\/wp\/v2\/posts"}],"about":[{"href":"https:\/\/primermomento.com\/index.php?rest_route=\/wp\/v2\/types\/post"}],"author":[{"embeddable":true,"href":"https:\/\/primermomento.com\/index.php?rest_route=\/wp\/v2\/users\/1"}],"replies":[{"embeddable":true,"href":"https:\/\/primermomento.com\/index.php?rest_route=%2Fwp%2Fv2%2Fcomments&post=359006"}],"version-history":[{"count":1,"href":"https:\/\/primermomento.com\/index.php?rest_route=\/wp\/v2\/posts\/359006\/revisions"}],"predecessor-version":[{"id":359008,"href":"https:\/\/primermomento.com\/index.php?rest_route=\/wp\/v2\/posts\/359006\/revisions\/359008"}],"wp:attachment":[{"href":"https:\/\/primermomento.com\/index.php?rest_route=%2Fwp%2Fv2%2Fmedia&parent=359006"}],"wp:term":[{"taxonomy":"category","embeddable":true,"href":"https:\/\/primermomento.com\/index.php?rest_route=%2Fwp%2Fv2%2Fcategories&post=359006"},{"taxonomy":"post_tag","embeddable":true,"href":"https:\/\/primermomento.com\/index.php?rest_route=%2Fwp%2Fv2%2Ftags&post=359006"}],"curies":[{"name":"wp","href":"https:\/\/api.w.org\/{rel}","templated":true}]}}