{"id":359152,"date":"2022-02-28T08:06:00","date_gmt":"2022-02-28T12:06:00","guid":{"rendered":"http:\/\/primermomento.com\/?p=359152"},"modified":"2022-02-28T18:10:19","modified_gmt":"2022-02-28T22:10:19","slug":"alejandro-fernandez-se-presenta-en-la-republica-dominicana","status":"publish","type":"post","link":"https:\/\/primermomento.com\/?p=359152","title":{"rendered":"Alejandro Fern\u00e1ndez se presenta en la Rep\u00fablica Dominicana"},"content":{"rendered":"\n<p class=\"wp-block-paragraph\">SANTO DOMINGO, Rep\u00fablica Dominicana.- El cantante mexicano Alejandro Fern\u00e1ndez se presentar\u00e1 en el polo tur\u00edstico dominicano Punta Cana, provincia La Altagracia, el pr\u00f3ximo 5 de marzo como parte de su gira mundial Hecho en M\u00e9xico, se anunci\u00f3 hoy aqu\u00ed.<\/p>\n\n\n\n<div class=\"wp-block-image\"><figure class=\"aligncenter size-full\"><img loading=\"lazy\" decoding=\"async\" width=\"520\" height=\"445\" src=\"http:\/\/primermomento.com\/wp-content\/uploads\/2022\/02\/alejandro-fernandez.jpg\" alt=\"\" class=\"wp-image-359153\" srcset=\"https:\/\/primermomento.com\/wp-content\/uploads\/2022\/02\/alejandro-fernandez.jpg 520w, https:\/\/primermomento.com\/wp-content\/uploads\/2022\/02\/alejandro-fernandez-300x257.jpg 300w, https:\/\/primermomento.com\/wp-content\/uploads\/2022\/02\/alejandro-fernandez-500x428.jpg 500w, https:\/\/primermomento.com\/wp-content\/uploads\/2022\/02\/alejandro-fernandez-257x220.jpg 257w, https:\/\/primermomento.com\/wp-content\/uploads\/2022\/02\/alejandro-fernandez-118x101.jpg 118w, https:\/\/primermomento.com\/wp-content\/uploads\/2022\/02\/alejandro-fernandez-479x410.jpg 479w\" sizes=\"auto, (max-width: 520px) 100vw, 520px\" \/><figcaption><em>Alejandro Fern\u00e1ndez <\/em><\/figcaption><\/figure><\/div>\n\n\n\n<p class=\"wp-block-paragraph\">Seg\u00fan los promotores del concierto, el afamado artista presentar\u00e1 el \u00e1lbum que le dio nombre a su gira, con la cual lleva unos meses recorriendo varios pa\u00edses de Am\u00e9rica Latina.<\/p>\n\n\n\n<p class=\"wp-block-paragraph\">Hecho en M\u00e9xico se alz\u00f3 este a\u00f1o con el Latin Grammy al Mejor \u00e1lbum ranchero\/Mariachi y obtuvo una nominaci\u00f3n al Grammy americano.<\/p>\n\n\n\n<p class=\"wp-block-paragraph\">El \u00e1lbum relata historias de amor y desamor e incluye temas como Caballero, uno de los sencillos destacados del cantante; y su reciente lanzamiento Te olvid\u00e9.<\/p>\n\n\n\n<p class=\"has-text-align-right wp-block-paragraph\"><em>PL<\/em><\/p>\n","protected":false},"excerpt":{"rendered":"<p>SANTO DOMINGO, Rep\u00fablica Dominicana.- El cantante mexicano Alejandro Fern\u00e1ndez se presentar\u00e1 en el polo tur\u00edstico dominicano Punta Cana, provincia La Altagracia, el pr\u00f3ximo 5 de marzo como parte de su gira mundial Hecho en M\u00e9xico, se anunci\u00f3 hoy aqu\u00ed. Seg\u00fan los promotores del concierto, el afamado artista presentar\u00e1 el \u00e1lbum que le dio nombre a [&hellip;]<\/p>\n","protected":false},"author":1,"featured_media":0,"comment_status":"open","ping_status":"open","sticky":false,"template":"","format":"standard","meta":{"_bbp_topic_count":0,"_bbp_reply_count":0,"_bbp_total_topic_count":0,"_bbp_total_reply_count":0,"_bbp_voice_count":0,"_bbp_anonymous_reply_count":0,"_bbp_topic_count_hidden":0,"_bbp_reply_count_hidden":0,"_bbp_forum_subforum_count":0,"footnotes":""},"categories":[39,60],"tags":[],"class_list":["post-359152","post","type-post","status-publish","format-standard","category-entretenimiento","category-titulares-del-dia"],"_links":{"self":[{"href":"https:\/\/primermomento.com\/index.php?rest_route=\/wp\/v2\/posts\/359152","targetHints":{"allow":["GET"]}}],"collection":[{"href":"https:\/\/primermomento.com\/index.php?rest_route=\/wp\/v2\/posts"}],"about":[{"href":"https:\/\/primermomento.com\/index.php?rest_route=\/wp\/v2\/types\/post"}],"author":[{"embeddable":true,"href":"https:\/\/primermomento.com\/index.php?rest_route=\/wp\/v2\/users\/1"}],"replies":[{"embeddable":true,"href":"https:\/\/primermomento.com\/index.php?rest_route=%2Fwp%2Fv2%2Fcomments&post=359152"}],"version-history":[{"count":1,"href":"https:\/\/primermomento.com\/index.php?rest_route=\/wp\/v2\/posts\/359152\/revisions"}],"predecessor-version":[{"id":359154,"href":"https:\/\/primermomento.com\/index.php?rest_route=\/wp\/v2\/posts\/359152\/revisions\/359154"}],"wp:attachment":[{"href":"https:\/\/primermomento.com\/index.php?rest_route=%2Fwp%2Fv2%2Fmedia&parent=359152"}],"wp:term":[{"taxonomy":"category","embeddable":true,"href":"https:\/\/primermomento.com\/index.php?rest_route=%2Fwp%2Fv2%2Fcategories&post=359152"},{"taxonomy":"post_tag","embeddable":true,"href":"https:\/\/primermomento.com\/index.php?rest_route=%2Fwp%2Fv2%2Ftags&post=359152"}],"curies":[{"name":"wp","href":"https:\/\/api.w.org\/{rel}","templated":true}]}}