{"id":359183,"date":"2022-03-01T10:55:56","date_gmt":"2022-03-01T14:55:56","guid":{"rendered":"http:\/\/primermomento.com\/?p=359183"},"modified":"2022-03-01T10:55:57","modified_gmt":"2022-03-01T14:55:57","slug":"banl-banda-de-musica-agradece-respaldo-de-senador-franjul","status":"publish","type":"post","link":"https:\/\/primermomento.com\/?p=359183","title":{"rendered":"BAN\u013a | Banda de m\u00fasica agradece respaldo de senador Franjul"},"content":{"rendered":"\n<p class=\"wp-block-paragraph\">BAN\u013a, Rep\u00fablica Dominicana.- Directivos de la legendaria Banda de M\u00fasica de Ban\u00ed, agradecieron en la ma\u00f1ana de hoy, todo el respaldo que desde siempre han recibido por parte del senador de la provincia Peravia, Milciades Franjul, a quien calificaron como un padrino de toda la vida.<\/p>\n\n\n\n<div class=\"wp-block-image\"><figure class=\"aligncenter size-full\"><img loading=\"lazy\" decoding=\"async\" width=\"558\" height=\"372\" src=\"http:\/\/primermomento.com\/wp-content\/uploads\/2022\/03\/Milciades-y-banda-de-musica.jpg\" alt=\"\" class=\"wp-image-359184\" srcset=\"https:\/\/primermomento.com\/wp-content\/uploads\/2022\/03\/Milciades-y-banda-de-musica.jpg 558w, https:\/\/primermomento.com\/wp-content\/uploads\/2022\/03\/Milciades-y-banda-de-musica-300x200.jpg 300w, https:\/\/primermomento.com\/wp-content\/uploads\/2022\/03\/Milciades-y-banda-de-musica-73x50.jpg 73w, https:\/\/primermomento.com\/wp-content\/uploads\/2022\/03\/Milciades-y-banda-de-musica-500x333.jpg 500w, https:\/\/primermomento.com\/wp-content\/uploads\/2022\/03\/Milciades-y-banda-de-musica-280x187.jpg 280w, https:\/\/primermomento.com\/wp-content\/uploads\/2022\/03\/Milciades-y-banda-de-musica-60x40.jpg 60w, https:\/\/primermomento.com\/wp-content\/uploads\/2022\/03\/Milciades-y-banda-de-musica-118x79.jpg 118w, https:\/\/primermomento.com\/wp-content\/uploads\/2022\/03\/Milciades-y-banda-de-musica-479x319.jpg 479w\" sizes=\"auto, (max-width: 558px) 100vw, 558px\" \/><\/figure><\/div>\n\n\n\n<p class=\"wp-block-paragraph\">\u201cLe agradecemos, el hecho de que usted siempre ha estado ah\u00ed, de una u otra manera su mano solidaria llega a la Banda de M\u00fasica de Ban\u00ed, y nosotros valoramos todas las gestiones, y el apoyo que desde siempre nos brinda, en todo momento\u201d manifest\u00f3 Eduardo Montero, miembro de la instituci\u00f3n.<\/p>\n\n\n\n<p class=\"wp-block-paragraph\">Por su parte, Milciades expres\u00f3 que siempre a tenido muy presente la Banda de M\u00fasica de Ban\u00ed, y que admira y valora, la calidad y el significado que esta tiene.<\/p>\n\n\n\n<p class=\"wp-block-paragraph\">Dijo que siempre pueden contar con su apoyo, y que pretende organizar una agenda de trabajo, para que la Banda concurra peri\u00f3dicamente a distintos puntos geogr\u00e1ficos de Peravia, entre otros planes.<\/p>\n\n\n\n<p class=\"wp-block-paragraph\">El senador aprovecho el momento, para entregar algunas raciones de alimentos, a nombre del presidente de la Rep\u00fablica, a todos los miembros de dicha instituci\u00f3n.<\/p>\n\n\n\n<p class=\"wp-block-paragraph\">Al senador Franjul, le fueron obsequiados DVD y CD de grabaciones y actuaciones de la legendaria Banda de M\u00fasica, considerada como un patrimonio cultural en Rep\u00fablica Dominicana.<\/p>\n\n\n\n<p class=\"wp-block-paragraph\">En la tarde de ayer una comisi\u00f3n de la Banda de M\u00fasica de Ban\u00ed, sostuvo un encuentro con el senador de Peravia, a ra\u00edz del retiro de una subvenci\u00f3n que esta recib\u00eda del Ministerio de Cultura, la cual fue restaurada en el d\u00eda de hoy.<\/p>\n\n\n\n<p class=\"has-text-align-right wp-block-paragraph\"><em>Jos\u00e9 Castillo<\/em><\/p>\n","protected":false},"excerpt":{"rendered":"<p>BAN\u013a, Rep\u00fablica Dominicana.- Directivos de la legendaria Banda de M\u00fasica de Ban\u00ed, agradecieron en la ma\u00f1ana de hoy, todo el respaldo que desde siempre han recibido por parte del senador de la provincia Peravia, Milciades Franjul, a quien calificaron como un padrino de toda la vida. \u201cLe agradecemos, el hecho de que usted siempre ha [&hellip;]<\/p>\n","protected":false},"author":1,"featured_media":0,"comment_status":"open","ping_status":"open","sticky":false,"template":"","format":"standard","meta":{"_bbp_topic_count":0,"_bbp_reply_count":0,"_bbp_total_topic_count":0,"_bbp_total_reply_count":0,"_bbp_voice_count":0,"_bbp_anonymous_reply_count":0,"_bbp_topic_count_hidden":0,"_bbp_reply_count_hidden":0,"_bbp_forum_subforum_count":0,"footnotes":""},"categories":[39,60],"tags":[],"class_list":["post-359183","post","type-post","status-publish","format-standard","category-entretenimiento","category-titulares-del-dia"],"_links":{"self":[{"href":"https:\/\/primermomento.com\/index.php?rest_route=\/wp\/v2\/posts\/359183","targetHints":{"allow":["GET"]}}],"collection":[{"href":"https:\/\/primermomento.com\/index.php?rest_route=\/wp\/v2\/posts"}],"about":[{"href":"https:\/\/primermomento.com\/index.php?rest_route=\/wp\/v2\/types\/post"}],"author":[{"embeddable":true,"href":"https:\/\/primermomento.com\/index.php?rest_route=\/wp\/v2\/users\/1"}],"replies":[{"embeddable":true,"href":"https:\/\/primermomento.com\/index.php?rest_route=%2Fwp%2Fv2%2Fcomments&post=359183"}],"version-history":[{"count":1,"href":"https:\/\/primermomento.com\/index.php?rest_route=\/wp\/v2\/posts\/359183\/revisions"}],"predecessor-version":[{"id":359185,"href":"https:\/\/primermomento.com\/index.php?rest_route=\/wp\/v2\/posts\/359183\/revisions\/359185"}],"wp:attachment":[{"href":"https:\/\/primermomento.com\/index.php?rest_route=%2Fwp%2Fv2%2Fmedia&parent=359183"}],"wp:term":[{"taxonomy":"category","embeddable":true,"href":"https:\/\/primermomento.com\/index.php?rest_route=%2Fwp%2Fv2%2Fcategories&post=359183"},{"taxonomy":"post_tag","embeddable":true,"href":"https:\/\/primermomento.com\/index.php?rest_route=%2Fwp%2Fv2%2Ftags&post=359183"}],"curies":[{"name":"wp","href":"https:\/\/api.w.org\/{rel}","templated":true}]}}