{"id":359454,"date":"2022-03-07T07:47:29","date_gmt":"2022-03-07T11:47:29","guid":{"rendered":"http:\/\/primermomento.com\/?p=359454"},"modified":"2022-03-07T07:47:30","modified_gmt":"2022-03-07T11:47:30","slug":"carnaval-de-rd-se-desarrollo-con-mucho-entusiasmo-y-colorido","status":"publish","type":"post","link":"https:\/\/primermomento.com\/?p=359454","title":{"rendered":"Carnaval de RD se desarroll\u00f3 con mucho entusiasmo y colorido"},"content":{"rendered":"\n<p class=\"wp-block-paragraph\">SANTO DOMINGO, Rep\u00fablica Dominicana.- El primer desfile nacional pospandemia del carnaval dominicano debi\u00f3 apelar este domingo a su colorido, entusiasmo y creatividad para superar las inclementes lluvias que retrasaron y entorpecieron la m\u00e1s popular y desenfrenada muestra cultural del pa\u00eds.<\/p>\n\n\n\n<div class=\"wp-block-image\"><figure class=\"aligncenter size-full\"><img loading=\"lazy\" decoding=\"async\" width=\"600\" height=\"322\" src=\"http:\/\/primermomento.com\/wp-content\/uploads\/2022\/03\/carnaval-2022.jpg\" alt=\"\" class=\"wp-image-359455\" srcset=\"https:\/\/primermomento.com\/wp-content\/uploads\/2022\/03\/carnaval-2022.jpg 600w, https:\/\/primermomento.com\/wp-content\/uploads\/2022\/03\/carnaval-2022-300x161.jpg 300w, https:\/\/primermomento.com\/wp-content\/uploads\/2022\/03\/carnaval-2022-500x268.jpg 500w, https:\/\/primermomento.com\/wp-content\/uploads\/2022\/03\/carnaval-2022-280x150.jpg 280w, https:\/\/primermomento.com\/wp-content\/uploads\/2022\/03\/carnaval-2022-118x63.jpg 118w, https:\/\/primermomento.com\/wp-content\/uploads\/2022\/03\/carnaval-2022-479x257.jpg 479w\" sizes=\"auto, (max-width: 600px) 100vw, 600px\" \/><\/figure><\/div>\n\n\n\n<p class=\"wp-block-paragraph\">En esta oportunidad no se observ\u00f3 la muchedumbre que tradicionalmente acude al malec\u00f3n de Santo Domingo a gozar de las originales muestras de decenas de comparsas, principalmente, y carrozas cuya anterior exhibici\u00f3n se produjo el 8 de marzo de 2020, a d\u00edas de que el covid-19 se diseminara por toda la poblaci\u00f3n.<\/p>\n\n\n\n<p class=\"wp-block-paragraph\">El mal tiempo alej\u00f3 a muchas personas del desfile a orillas del mar Caribe, pero no detuvo a personajes tan populares como Roba la gallina, Calif\u00e9 y La muerte en yipe, que volvieron a darle vida a un carnaval \u00absepultado\u00bb por el coronavirus por casi dos a\u00f1os.<\/p>\n\n\n\n<p class=\"wp-block-paragraph\">Roba la gallina es representado por un hombre vestido de mujer con senos y trasero de dimensiones exageradas que anda bailando con rostro maquillado y agitando una sombrilla sobre su cabeza. Las personas le gritan para que mueva constantemente la parte m\u00e1s voluptuosa de su cuerpo.<\/p>\n\n\n\n<p class=\"wp-block-paragraph\"><strong>LAS MAS LLAMATIVAS<\/strong><\/p>\n\n\n\n<p class=\"wp-block-paragraph\">La propia pandemia fue aprovechada por los carnavaleros para crear&nbsp;<strong>El diablo ecol\u00f3gico<\/strong>&nbsp;con disfraz -c\u00f3mo no- aleg\u00f3rico al maligno pero elaborado con materiales reciclados, al igual que la comparsa \u00abcovid\u00bb, una gigantesca cabeza verde con la forma del virus.<\/p>\n\n\n\n<p class=\"wp-block-paragraph\">Una de las m\u00e1s llamativas muestras fue \u00abver\u00bb al<strong>\u00abChavo del 8\u00bb<\/strong>&nbsp;conduciendo una motocicleta adornada con mu\u00f1ecos con las figuras de sus personajes en el set Quico, Do\u00f1a Florinda y Don Ram\u00f3n.<\/p>\n\n\n\n<p class=\"wp-block-paragraph\"><strong>Los Cach\u00faas del municipio de Cabral (sur),<\/strong>&nbsp;no pod\u00edan faltar con sus cabezas demon\u00edacas de cuernos y sus intimidantes l\u00e1tigos que hac\u00edan sonar una y otra vez.<\/p>\n\n\n\n<p class=\"wp-block-paragraph\">Tampoco pod\u00edan faltan&nbsp;<strong>los Lechones de Santiago (norte)<\/strong>&nbsp;con sus vistosos disfraces y vejigas de piel de vaca que usualmente utilizan para dar porrazos a quien los desaf\u00ede.<\/p>\n\n\n\n<p class=\"wp-block-paragraph\">Ni&nbsp;<strong>los diablos cojuelos de La Vega<\/strong>, donde se celebra el carnaval m\u00e1s popular e internacional del pa\u00eds, que por segundo a\u00f1o consecutivo suspende su realizaci\u00f3n.<\/p>\n\n\n\n<p class=\"wp-block-paragraph\">Como ha sido una constante desde hace muchos a\u00f1os, las comparsas de Puerto Plata (norte), son muy llamativas con sus conocidos personajes de<strong>Taim\u00e1caros,<\/strong>&nbsp;inspirados en los pobladores que habitan la isla de Santo Domingo a la llegada de los conquistadores.<\/p>\n\n\n\n<p class=\"wp-block-paragraph\">Uno de los grupos m\u00e1s esperados fueron&nbsp;<strong>Los Guyolas,<\/strong>&nbsp;declarado por la Unesco patrimonio de la humanidad, cuyos integrantes deleitan con sus trajes multicolores repletos de peque\u00f1os cascabeles met\u00e1licos, sus sombreros de plumas y un baile contagioso al son de tambores, flauta y silbatos. Sus integrantes son descendientes de los cocolos, pobladores de islas caribe\u00f1as de habla inglesa cercanas a Rep\u00fablica Dominicana que llegaron al pa\u00eds a finales del siglo XIX atra\u00eddos por la bonanza de la industria azucarera.<\/p>\n\n\n\n<p class=\"wp-block-paragraph\">El desfile de este a\u00f1o fue dedicado al municipio de Cotu\u00ed (noreste), donde se han hecho famosos en el pa\u00eds las comparsas&nbsp;<strong>los Papeluses, los Platanuses y los Funduses<\/strong>, nombres derivados de los materiales que utilizan para sus disfraces.<\/p>\n\n\n\n<p class=\"wp-block-paragraph\"><strong>Los reyes del carnaval<\/strong>&nbsp;fueron el popular humorista dominicano Cuqu\u00edn Victoria y la core\u00f3grafa y bailarina Maril\u00edn Gallardo.<\/p>\n\n\n\n<p class=\"wp-block-paragraph\"><strong>MAS DE 200 COMPARSAS Y CARROZAS<\/strong><\/p>\n\n\n\n<p class=\"wp-block-paragraph\">Del desfile participaron m\u00e1s de 200 comparsas y carrozas que ser\u00e1n evaluadas por un jurado que otorgar\u00e1 premios en met\u00e1lico en varias categor\u00edas.<\/p>\n\n\n\n<p class=\"wp-block-paragraph\">El carnaval en el malec\u00f3n capitalino volvi\u00f3 en momentos en los que el pa\u00eds registra los menores \u00edndices de contagios de covid-19. Aunque en esta oportunidad no hubo multitudes disfrutaron de la expresi\u00f3n cultural s\u00ed se escuch\u00f3 por los altoparlantes -una y otra vez- el estribillo de un merengue interpretado por el amado merenguero dominicano Fernando Villalona: \u00abla lluvia no da\u00f1a mi fiesta\u2026\u00bb.<\/p>\n\n\n\n<p class=\"has-text-align-right wp-block-paragraph\"><em>EFE<\/em><\/p>\n","protected":false},"excerpt":{"rendered":"<p>SANTO DOMINGO, Rep\u00fablica Dominicana.- El primer desfile nacional pospandemia del carnaval dominicano debi\u00f3 apelar este domingo a su colorido, entusiasmo y creatividad para superar las inclementes lluvias que retrasaron y entorpecieron la m\u00e1s popular y desenfrenada muestra cultural del pa\u00eds. En esta oportunidad no se observ\u00f3 la muchedumbre que tradicionalmente acude al malec\u00f3n de Santo [&hellip;]<\/p>\n","protected":false},"author":1,"featured_media":0,"comment_status":"open","ping_status":"open","sticky":false,"template":"","format":"standard","meta":{"_bbp_topic_count":0,"_bbp_reply_count":0,"_bbp_total_topic_count":0,"_bbp_total_reply_count":0,"_bbp_voice_count":0,"_bbp_anonymous_reply_count":0,"_bbp_topic_count_hidden":0,"_bbp_reply_count_hidden":0,"_bbp_forum_subforum_count":0,"footnotes":""},"categories":[39,60],"tags":[],"class_list":["post-359454","post","type-post","status-publish","format-standard","category-entretenimiento","category-titulares-del-dia"],"_links":{"self":[{"href":"https:\/\/primermomento.com\/index.php?rest_route=\/wp\/v2\/posts\/359454","targetHints":{"allow":["GET"]}}],"collection":[{"href":"https:\/\/primermomento.com\/index.php?rest_route=\/wp\/v2\/posts"}],"about":[{"href":"https:\/\/primermomento.com\/index.php?rest_route=\/wp\/v2\/types\/post"}],"author":[{"embeddable":true,"href":"https:\/\/primermomento.com\/index.php?rest_route=\/wp\/v2\/users\/1"}],"replies":[{"embeddable":true,"href":"https:\/\/primermomento.com\/index.php?rest_route=%2Fwp%2Fv2%2Fcomments&post=359454"}],"version-history":[{"count":1,"href":"https:\/\/primermomento.com\/index.php?rest_route=\/wp\/v2\/posts\/359454\/revisions"}],"predecessor-version":[{"id":359456,"href":"https:\/\/primermomento.com\/index.php?rest_route=\/wp\/v2\/posts\/359454\/revisions\/359456"}],"wp:attachment":[{"href":"https:\/\/primermomento.com\/index.php?rest_route=%2Fwp%2Fv2%2Fmedia&parent=359454"}],"wp:term":[{"taxonomy":"category","embeddable":true,"href":"https:\/\/primermomento.com\/index.php?rest_route=%2Fwp%2Fv2%2Fcategories&post=359454"},{"taxonomy":"post_tag","embeddable":true,"href":"https:\/\/primermomento.com\/index.php?rest_route=%2Fwp%2Fv2%2Ftags&post=359454"}],"curies":[{"name":"wp","href":"https:\/\/api.w.org\/{rel}","templated":true}]}}