{"id":359671,"date":"2022-03-09T10:42:00","date_gmt":"2022-03-09T14:42:00","guid":{"rendered":"http:\/\/primermomento.com\/?p=359671"},"modified":"2022-03-09T19:45:11","modified_gmt":"2022-03-09T23:45:11","slug":"actriz-penelope-cruz-homenajeada-en-evento-filmico-de-eeuu","status":"publish","type":"post","link":"https:\/\/primermomento.com\/?p=359671","title":{"rendered":"Actriz Pen\u00e9lope Cruz homenajeada en evento f\u00edlmico de EEUU"},"content":{"rendered":"\n<p class=\"wp-block-paragraph\">LOS \u00c1NGELES, EEUU.- El Festival Internacional de Cine de Santa B\u00e1rbara concedi\u00f3 el premio Montecito Award a la actriz espa\u00f1ola Pen\u00e9lope Cruz, posicionada hoy entre las candidatas m\u00e1s fuertes a los \u00d3scar, quien particip\u00f3 en la ceremonia realizada en Estados Unidos.<\/p>\n\n\n\n<div class=\"wp-block-image\"><figure class=\"aligncenter size-full\"><img loading=\"lazy\" decoding=\"async\" width=\"450\" height=\"296\" src=\"http:\/\/primermomento.com\/wp-content\/uploads\/2022\/03\/penelope-cruz.jpg\" alt=\"\" class=\"wp-image-359672\" srcset=\"https:\/\/primermomento.com\/wp-content\/uploads\/2022\/03\/penelope-cruz.jpg 450w, https:\/\/primermomento.com\/wp-content\/uploads\/2022\/03\/penelope-cruz-300x197.jpg 300w, https:\/\/primermomento.com\/wp-content\/uploads\/2022\/03\/penelope-cruz-280x184.jpg 280w, https:\/\/primermomento.com\/wp-content\/uploads\/2022\/03\/penelope-cruz-60x40.jpg 60w, https:\/\/primermomento.com\/wp-content\/uploads\/2022\/03\/penelope-cruz-118x78.jpg 118w, https:\/\/primermomento.com\/wp-content\/uploads\/2022\/03\/penelope-cruz-153x100.jpg 153w\" sizes=\"auto, (max-width: 450px) 100vw, 450px\" \/><\/figure><\/div>\n\n\n\n<p class=\"wp-block-paragraph\">La protagonista del Madres Paralelas, del consagrado director Pedro Almod\u00f3var, expres\u00f3 su agradecimiento por el galard\u00f3n e hizo p\u00fablico detalles del filme que cuenta con personajes \u00abprofundos, con distintas capas y que luchan por ser honestos ante una vida llena de desaf\u00edos\u00bb.<\/p>\n\n\n\n<p class=\"wp-block-paragraph\">Recientemente, Cruz se alz\u00f3 con la Copa Volpi del Festival de Venecia y el premio a la mejor actriz otorgado por la Asociaci\u00f3n de Cr\u00edticos de Los \u00c1ngeles gracias a su rol en esa misma producci\u00f3n.<\/p>\n\n\n\n<p class=\"wp-block-paragraph\">El certamen dedicado al cine independiente reserva otros importantes homenajes a los actores Kirsten Stewart, quien recibir\u00e1 el American Riviera Award; Will Smith y Aunjanue Ellis, seleccionados Artistas Sobresalientes del A\u00f1o y el brit\u00e1nico Benedict Cumberbatch, ganador del Cinema Vanguard Award.<\/p>\n\n\n\n<p class=\"wp-block-paragraph\">Javier Bardem, otro alabado actor y esposo de Cruz, llev\u00f3 a casa el Maltin Modern Master Award junto a la australiana Nicole Kidman por su actuaci\u00f3n en el drama Being The Ricardos, el cual le vali\u00f3 la nominaci\u00f3n a los premios de la Academia hollywoodense.<\/p>\n\n\n\n<p class=\"wp-block-paragraph\">La int\u00e9rprete espa\u00f1ola engrosa la lista de actrices que han merecido el lauro en otras ediciones, entre ellas, Isabelle Huppert, Jennifer Aniston, Oprah Winfrey, Julianne Moore, Kate Winslet o Naomi Watts.<\/p>\n\n\n\n<p class=\"wp-block-paragraph\">Hasta el 12 de marzo, el Festival reserva m\u00e1s de 90 estrenos en la naci\u00f3n norte\u00f1a tras el regreso a la presencialidad e incorpora exhibiciones gratuitas de producciones como The Power of the Dog, a la que seguir\u00e1 una sesi\u00f3n de preguntas y respuestas con su directora, Jane Campion.<\/p>\n\n\n\n<p class=\"has-text-align-right wp-block-paragraph\"><em>PL<\/em><\/p>\n","protected":false},"excerpt":{"rendered":"<p>LOS \u00c1NGELES, EEUU.- El Festival Internacional de Cine de Santa B\u00e1rbara concedi\u00f3 el premio Montecito Award a la actriz espa\u00f1ola Pen\u00e9lope Cruz, posicionada hoy entre las candidatas m\u00e1s fuertes a los \u00d3scar, quien particip\u00f3 en la ceremonia realizada en Estados Unidos. La protagonista del Madres Paralelas, del consagrado director Pedro Almod\u00f3var, expres\u00f3 su agradecimiento por [&hellip;]<\/p>\n","protected":false},"author":1,"featured_media":0,"comment_status":"open","ping_status":"open","sticky":false,"template":"","format":"standard","meta":{"_bbp_topic_count":0,"_bbp_reply_count":0,"_bbp_total_topic_count":0,"_bbp_total_reply_count":0,"_bbp_voice_count":0,"_bbp_anonymous_reply_count":0,"_bbp_topic_count_hidden":0,"_bbp_reply_count_hidden":0,"_bbp_forum_subforum_count":0,"footnotes":""},"categories":[39],"tags":[],"class_list":["post-359671","post","type-post","status-publish","format-standard","category-entretenimiento"],"_links":{"self":[{"href":"https:\/\/primermomento.com\/index.php?rest_route=\/wp\/v2\/posts\/359671","targetHints":{"allow":["GET"]}}],"collection":[{"href":"https:\/\/primermomento.com\/index.php?rest_route=\/wp\/v2\/posts"}],"about":[{"href":"https:\/\/primermomento.com\/index.php?rest_route=\/wp\/v2\/types\/post"}],"author":[{"embeddable":true,"href":"https:\/\/primermomento.com\/index.php?rest_route=\/wp\/v2\/users\/1"}],"replies":[{"embeddable":true,"href":"https:\/\/primermomento.com\/index.php?rest_route=%2Fwp%2Fv2%2Fcomments&post=359671"}],"version-history":[{"count":1,"href":"https:\/\/primermomento.com\/index.php?rest_route=\/wp\/v2\/posts\/359671\/revisions"}],"predecessor-version":[{"id":359673,"href":"https:\/\/primermomento.com\/index.php?rest_route=\/wp\/v2\/posts\/359671\/revisions\/359673"}],"wp:attachment":[{"href":"https:\/\/primermomento.com\/index.php?rest_route=%2Fwp%2Fv2%2Fmedia&parent=359671"}],"wp:term":[{"taxonomy":"category","embeddable":true,"href":"https:\/\/primermomento.com\/index.php?rest_route=%2Fwp%2Fv2%2Fcategories&post=359671"},{"taxonomy":"post_tag","embeddable":true,"href":"https:\/\/primermomento.com\/index.php?rest_route=%2Fwp%2Fv2%2Ftags&post=359671"}],"curies":[{"name":"wp","href":"https:\/\/api.w.org\/{rel}","templated":true}]}}