{"id":359821,"date":"2022-03-14T09:26:47","date_gmt":"2022-03-14T13:26:47","guid":{"rendered":"http:\/\/primermomento.com\/?p=359821"},"modified":"2022-03-14T09:26:48","modified_gmt":"2022-03-14T13:26:48","slug":"llaman-a-defender-una-de-las-identidades-del-pueblo-dominicano","status":"publish","type":"post","link":"https:\/\/primermomento.com\/?p=359821","title":{"rendered":"Llaman a defender una de las identidades del pueblo dominicano"},"content":{"rendered":"\n<p class=\"wp-block-paragraph\">NUEVA YORK, EEUU.- Los diferentes sectores dominicanos, en especial la clase art\u00edstica, debe defender, con u\u00f1as y dientes, una de las identidades del pueblo quisqueyano, como lo es el merengue, declarado por la Organizaci\u00f3n de Naciones Unidas para la Educaci\u00f3n, la Ciencia y la Cultura (UNESCO) \u201cPatrimonio Cultural Inmaterial de la Humanidad\u201d.<\/p>\n\n\n\n<div class=\"wp-block-image\"><figure class=\"alignright size-full\"><img loading=\"lazy\" decoding=\"async\" width=\"383\" height=\"384\" src=\"http:\/\/primermomento.com\/wp-content\/uploads\/2022\/03\/Llama-a-defender-una-de-las-identidades-del-pueblo-dominicano.jpg\" alt=\"\" class=\"wp-image-359822\" srcset=\"https:\/\/primermomento.com\/wp-content\/uploads\/2022\/03\/Llama-a-defender-una-de-las-identidades-del-pueblo-dominicano.jpg 383w, https:\/\/primermomento.com\/wp-content\/uploads\/2022\/03\/Llama-a-defender-una-de-las-identidades-del-pueblo-dominicano-300x300.jpg 300w, https:\/\/primermomento.com\/wp-content\/uploads\/2022\/03\/Llama-a-defender-una-de-las-identidades-del-pueblo-dominicano-150x150.jpg 150w, https:\/\/primermomento.com\/wp-content\/uploads\/2022\/03\/Llama-a-defender-una-de-las-identidades-del-pueblo-dominicano-50x50.jpg 50w, https:\/\/primermomento.com\/wp-content\/uploads\/2022\/03\/Llama-a-defender-una-de-las-identidades-del-pueblo-dominicano-219x220.jpg 219w, https:\/\/primermomento.com\/wp-content\/uploads\/2022\/03\/Llama-a-defender-una-de-las-identidades-del-pueblo-dominicano-118x118.jpg 118w, https:\/\/primermomento.com\/wp-content\/uploads\/2022\/03\/Llama-a-defender-una-de-las-identidades-del-pueblo-dominicano-30x30.jpg 30w\" sizes=\"auto, (max-width: 383px) 100vw, 383px\" \/><\/figure><\/div>\n\n\n\n<p class=\"wp-block-paragraph\">As\u00ed lo declar\u00f3 el dirigente pol\u00edtico y exdiputado, Emigdio Mercedes, en un documento que enviara a este reportero desde Republica Dominicana, en el que manifiesta que, en lugar de criticar el gesto del presidente Luis Abinader, por ofrecer clases de merengue gratis a los turistas de Argentina que visiten el pa\u00eds caribe\u00f1o, deber\u00edamos de apoyarlo, y no criticarlo, solo por el hecho de ser oposici\u00f3n.<\/p>\n\n\n\n<p class=\"wp-block-paragraph\">Mercedes aclara que cuando ha tenido que criticar al mandatario y al gobierno, lo ha hecho, pero jam\u00e1s de manera alegre y burlona. \u201cY hablo como dominicano, porque actualmente no soy miembro de ninguna organizaci\u00f3n pol\u00edtica, aunque mis sentimientos son reformistas, pero, por encima de todo, debemos defender a nuestro pa\u00eds\u201d, enfatiz\u00f3.<\/p>\n\n\n\n<p class=\"wp-block-paragraph\">Hay que hacer c\u00edtricas serias y constructivas, pero jam\u00e1s burlarse de su planteamiento porque, en definitiva, nos estamos clavando el cuchillo nosotros mismos, indic\u00f3.<\/p>\n\n\n\n<p class=\"wp-block-paragraph\">\u00bfY d\u00f3nde est\u00e1n los merengueros?, se pregunta, que no han salido a defender este ofrecimiento del presidente; no es que ellos van a dar las clases de baile, es que mientras m\u00e1s turistas aprendan a bailar merengue m\u00e1s se beneficiar\u00edan econ\u00f3micamente\u201d, expres\u00f3.<\/p>\n\n\n\n<p class=\"wp-block-paragraph\">Mercedes record\u00f3 que la UNESCO declar\u00f3 el merengue como \u201cPatrimonio Cultural Inmaterial de la Humanidad,\u201d a trav\u00e9s del \u201cComit\u00e9 de los Estados Partes en la Convenci\u00f3n para la Salvaguardia del Patrimonio Cultural Inmaterial\u201d.<\/p>\n\n\n\n<p class=\"wp-block-paragraph\">Cit\u00f3 entre esos pa\u00edses todos los de habla hispana (Argentina, Bolivia, Chile, Colombia, Costa Rica, Cuba, Ecuador, El Salvador, Espa\u00f1a, Guatemala, Honduras, M\u00e9xico, Nicaragua, Panam\u00e1, Uruguay, Per\u00fa, Puerto Rico, Uruguay y Venezuela).<\/p>\n\n\n\n<p class=\"wp-block-paragraph\">Igualmente cit\u00f3 de otras etnias, como Alemania, Austria, B\u00e9lgica, Francia, Italia, Portugal, Suiza, Turqu\u00eda, Polonia, Camboya, China, Jap\u00f3n, Pakist\u00e1n, Egipto, Qatar, y Yemen, entre otras naciones.<\/p>\n\n\n\n<p class=\"wp-block-paragraph\">\u201cEn todos esos pa\u00edses disfrutan de nuestro merengue, porque atrae a personas de clases sociales muy diferentes, contribuyendo a fomentar el respeto y la convivencia entre las comunidades, como bien lo destaca la UNESCO\u201d, concluy\u00f3 diciendo el ex diputado.<\/p>\n\n\n\n<p class=\"has-text-align-right wp-block-paragraph\"><em>Ram\u00f3n Mercedes<\/em><\/p>\n","protected":false},"excerpt":{"rendered":"<p>NUEVA YORK, EEUU.- Los diferentes sectores dominicanos, en especial la clase art\u00edstica, debe defender, con u\u00f1as y dientes, una de las identidades del pueblo quisqueyano, como lo es el merengue, declarado por la Organizaci\u00f3n de Naciones Unidas para la Educaci\u00f3n, la Ciencia y la Cultura (UNESCO) \u201cPatrimonio Cultural Inmaterial de la Humanidad\u201d. As\u00ed lo declar\u00f3 [&hellip;]<\/p>\n","protected":false},"author":1,"featured_media":0,"comment_status":"open","ping_status":"open","sticky":false,"template":"","format":"standard","meta":{"_bbp_topic_count":0,"_bbp_reply_count":0,"_bbp_total_topic_count":0,"_bbp_total_reply_count":0,"_bbp_voice_count":0,"_bbp_anonymous_reply_count":0,"_bbp_topic_count_hidden":0,"_bbp_reply_count_hidden":0,"_bbp_forum_subforum_count":0,"footnotes":""},"categories":[39,60],"tags":[],"class_list":["post-359821","post","type-post","status-publish","format-standard","category-entretenimiento","category-titulares-del-dia"],"_links":{"self":[{"href":"https:\/\/primermomento.com\/index.php?rest_route=\/wp\/v2\/posts\/359821","targetHints":{"allow":["GET"]}}],"collection":[{"href":"https:\/\/primermomento.com\/index.php?rest_route=\/wp\/v2\/posts"}],"about":[{"href":"https:\/\/primermomento.com\/index.php?rest_route=\/wp\/v2\/types\/post"}],"author":[{"embeddable":true,"href":"https:\/\/primermomento.com\/index.php?rest_route=\/wp\/v2\/users\/1"}],"replies":[{"embeddable":true,"href":"https:\/\/primermomento.com\/index.php?rest_route=%2Fwp%2Fv2%2Fcomments&post=359821"}],"version-history":[{"count":1,"href":"https:\/\/primermomento.com\/index.php?rest_route=\/wp\/v2\/posts\/359821\/revisions"}],"predecessor-version":[{"id":359823,"href":"https:\/\/primermomento.com\/index.php?rest_route=\/wp\/v2\/posts\/359821\/revisions\/359823"}],"wp:attachment":[{"href":"https:\/\/primermomento.com\/index.php?rest_route=%2Fwp%2Fv2%2Fmedia&parent=359821"}],"wp:term":[{"taxonomy":"category","embeddable":true,"href":"https:\/\/primermomento.com\/index.php?rest_route=%2Fwp%2Fv2%2Fcategories&post=359821"},{"taxonomy":"post_tag","embeddable":true,"href":"https:\/\/primermomento.com\/index.php?rest_route=%2Fwp%2Fv2%2Ftags&post=359821"}],"curies":[{"name":"wp","href":"https:\/\/api.w.org\/{rel}","templated":true}]}}