{"id":359890,"date":"2022-03-15T10:18:00","date_gmt":"2022-03-15T14:18:00","guid":{"rendered":"http:\/\/primermomento.com\/?p=359890"},"modified":"2022-03-15T12:21:58","modified_gmt":"2022-03-15T16:21:58","slug":"debatiran-futuro-de-la-industria-del-cine-en-dominicana","status":"publish","type":"post","link":"https:\/\/primermomento.com\/?p=359890","title":{"rendered":"Debatir\u00e1n futuro de la industria del cine en Dominicana"},"content":{"rendered":"\n<p class=\"wp-block-paragraph\">SANTO DOMINGO, Rep\u00fablica Dominicana.- Unos trece expertos, directores, productores y actores discutir\u00e1n este mi\u00e9rcoles sobre el futuro de la industria del cine en Rep\u00fablica Dominicana, durante un seminario organizado por la oficina Nacional de Derecho de Autor (ONDA) y la Entidad de Gesti\u00f3n Colectiva de Derechos de los Productores Audiovisuales (Egeda Dominicana).<\/p>\n\n\n\n<div class=\"wp-block-image\"><figure class=\"aligncenter size-full\"><img loading=\"lazy\" decoding=\"async\" width=\"492\" height=\"582\" src=\"http:\/\/primermomento.com\/wp-content\/uploads\/2022\/03\/cine-dominicano.jpg\" alt=\"\" class=\"wp-image-359891\" srcset=\"https:\/\/primermomento.com\/wp-content\/uploads\/2022\/03\/cine-dominicano.jpg 492w, https:\/\/primermomento.com\/wp-content\/uploads\/2022\/03\/cine-dominicano-254x300.jpg 254w, https:\/\/primermomento.com\/wp-content\/uploads\/2022\/03\/cine-dominicano-186x220.jpg 186w, https:\/\/primermomento.com\/wp-content\/uploads\/2022\/03\/cine-dominicano-118x140.jpg 118w, https:\/\/primermomento.com\/wp-content\/uploads\/2022\/03\/cine-dominicano-479x567.jpg 479w\" sizes=\"auto, (max-width: 492px) 100vw, 492px\" \/><\/figure><\/div>\n\n\n\n<p class=\"wp-block-paragraph\">En el evento, a efectuarse este 16 de marzo, a partir de las 8 de la ma\u00f1ana en el Hotel El Embajador, los participantes centrar\u00e1n su inter\u00e9s en debatir sobre los aspectos legales que sustentan a ese sector. La actividad se extender\u00e1 hasta las 6 de la tarde.<\/p>\n\n\n\n<p class=\"wp-block-paragraph\">La jornada dar\u00e1 inicio con las palabras de bienvenidas de Leticia Tonos, presidenta del Consejo de Administraci\u00f3n de la Entidad de Gesti\u00f3n de los Derechos de los Productores Audiovisuales Dominicana (EGEDA DOMINICANA) y el director de general de la ONDA, licenciado Jos\u00e9 Rub\u00e9n Gonell Cosme.<\/p>\n\n\n\n<p class=\"wp-block-paragraph\">Durante la jornada formativa se abordar\u00e1n seis t\u00f3picos b\u00e1sicos como: El derecho de autor como especialidad jur\u00eddica que protege la obra cinematogr\u00e1fica y audiovisual; registros de obras cinematogr\u00e1ficas y la preservaci\u00f3n del acervo cultural dominicano y las estrategias contractuales en las etapas: antes, durante y despu\u00e9s en la obra cinematogr\u00e1fica.<\/p>\n\n\n\n<p class=\"wp-block-paragraph\">Otros temas a ser abordados ser\u00e1n: la prevenci\u00f3n de errores y omisiones en los procesos de registros ante ONDA; conversatorio del ser y deber ser sobre la industria del cine y el derecho de autor por productores cinematogr\u00e1ficos, y actualidad y tendencia de la gesti\u00f3n colectiva en la obra cinematogr\u00e1fica y audiovisual.<\/p>\n\n\n\n<p class=\"wp-block-paragraph\"><strong>Los expositores.<\/strong><\/p>\n\n\n\n<p class=\"wp-block-paragraph\">Entre los expositores estar\u00e1n el director general de la ONDA, licenciado Jos\u00e9 Ruben Gonell Cosme y Marianna Vargas, directora de la Direcci\u00f3n General de Cine (DGCINE); por EGEDA Dominicana, expondr\u00e1n su director Nelson Jim\u00e9nez y Hansel Duran, socio de Duran Bello y Asociados. Tambi\u00e9n hablar\u00e1 Humberto Jos\u00e9 Castellanos, presidente de la Asociaci\u00f3n Dominicana de productores Cinematogr\u00e1fico y Audiovisuales (Aprodomcine).<\/p>\n\n\n\n<p class=\"wp-block-paragraph\">Otros disertantes ser\u00e1n Pedro Duran Bello, socio director de la firma Duran Bello y Asociados; Anginete Tejeda Garc\u00eda, abogada senior de Propiedad Intelectual de OMG; y Fernando Santos, Pablo Lozano, Pablo Mustonen, Natalia de la Fuente, Ana B\u00e9lgica G\u00fc\u00edcharo, Ana B\u00e9lgica Guichardo, directora de la escuela de Comunicaci\u00f3n de la Pontificia Universidad Cat\u00f3lica Madre y Maestra (PUCMM); Francisco Natera, Luis Arambilet, de la empresa AA Cine- RD; Violeta Lockhart coordinadora Acad\u00e9mica de la licenciatura en Cine y comunicaci\u00f3n audiovisual del Instituto Tecnol\u00f3gico de Santo Domingo&nbsp; (INTEC).<\/p>\n\n\n\n<p class=\"wp-block-paragraph\">Tambi\u00e9n expondr\u00e1 ser\u00e1n Odalis P\u00e9rez, director de la escuela de Cine, Televisi\u00f3n y Fotograf\u00eda de la Universidad Aut\u00f3noma de Santo Domingo (UASD);<\/p>\n\n\n\n<p class=\"wp-block-paragraph\">Egeda Dominicana&nbsp; como la ONDA manifestaron que el seminario est\u00e1 orientado a promover entre quienes se dedican a desarrollar el cine en el pa\u00eds a conocer sus derechos.<\/p>\n","protected":false},"excerpt":{"rendered":"<p>SANTO DOMINGO, Rep\u00fablica Dominicana.- Unos trece expertos, directores, productores y actores discutir\u00e1n este mi\u00e9rcoles sobre el futuro de la industria del cine en Rep\u00fablica Dominicana, durante un seminario organizado por la oficina Nacional de Derecho de Autor (ONDA) y la Entidad de Gesti\u00f3n Colectiva de Derechos de los Productores Audiovisuales (Egeda Dominicana). En el evento, [&hellip;]<\/p>\n","protected":false},"author":1,"featured_media":0,"comment_status":"open","ping_status":"open","sticky":false,"template":"","format":"standard","meta":{"_bbp_topic_count":0,"_bbp_reply_count":0,"_bbp_total_topic_count":0,"_bbp_total_reply_count":0,"_bbp_voice_count":0,"_bbp_anonymous_reply_count":0,"_bbp_topic_count_hidden":0,"_bbp_reply_count_hidden":0,"_bbp_forum_subforum_count":0,"footnotes":""},"categories":[39,60],"tags":[],"class_list":["post-359890","post","type-post","status-publish","format-standard","category-entretenimiento","category-titulares-del-dia"],"_links":{"self":[{"href":"https:\/\/primermomento.com\/index.php?rest_route=\/wp\/v2\/posts\/359890","targetHints":{"allow":["GET"]}}],"collection":[{"href":"https:\/\/primermomento.com\/index.php?rest_route=\/wp\/v2\/posts"}],"about":[{"href":"https:\/\/primermomento.com\/index.php?rest_route=\/wp\/v2\/types\/post"}],"author":[{"embeddable":true,"href":"https:\/\/primermomento.com\/index.php?rest_route=\/wp\/v2\/users\/1"}],"replies":[{"embeddable":true,"href":"https:\/\/primermomento.com\/index.php?rest_route=%2Fwp%2Fv2%2Fcomments&post=359890"}],"version-history":[{"count":1,"href":"https:\/\/primermomento.com\/index.php?rest_route=\/wp\/v2\/posts\/359890\/revisions"}],"predecessor-version":[{"id":359892,"href":"https:\/\/primermomento.com\/index.php?rest_route=\/wp\/v2\/posts\/359890\/revisions\/359892"}],"wp:attachment":[{"href":"https:\/\/primermomento.com\/index.php?rest_route=%2Fwp%2Fv2%2Fmedia&parent=359890"}],"wp:term":[{"taxonomy":"category","embeddable":true,"href":"https:\/\/primermomento.com\/index.php?rest_route=%2Fwp%2Fv2%2Fcategories&post=359890"},{"taxonomy":"post_tag","embeddable":true,"href":"https:\/\/primermomento.com\/index.php?rest_route=%2Fwp%2Fv2%2Ftags&post=359890"}],"curies":[{"name":"wp","href":"https:\/\/api.w.org\/{rel}","templated":true}]}}